{"id":3502,"date":"2023-09-20T11:13:21","date_gmt":"2023-09-20T09:13:21","guid":{"rendered":"https:\/\/ekologistyka24.pl\/?p=3502"},"modified":"2023-09-20T11:13:21","modified_gmt":"2023-09-20T09:13:21","slug":"die-verbrennung-fossiler-brennstoffe-gefahrdet-kinder","status":"publish","type":"post","link":"https:\/\/ekologistyka24.pl\/de\/spalanie-paliw-kopalnych-zagraza-dzieciom\/","title":{"rendered":"Die Verbrennung fossiler Brennstoffe gef\u00e4hrdet Kinder"},"content":{"rendered":"<style>.wp-block-kadence-advancedheading.kt-adv-heading3502_aa13cc-f6, .wp-block-kadence-advancedheading.kt-adv-heading3502_aa13cc-f6[data-kb-block=\"kb-adv-heading3502_aa13cc-f6\"]{font-style:normal;}.wp-block-kadence-advancedheading.kt-adv-heading3502_aa13cc-f6 mark.kt-highlight, .wp-block-kadence-advancedheading.kt-adv-heading3502_aa13cc-f6[data-kb-block=\"kb-adv-heading3502_aa13cc-f6\"] mark.kt-highlight{font-style:normal;color:#f76a0c;-webkit-box-decoration-break:clone;box-decoration-break:clone;padding-top:0px;padding-right:0px;padding-bottom:0px;padding-left:0px;}.wp-block-kadence-advancedheading.kt-adv-heading3502_aa13cc-f6 img.kb-inline-image, .wp-block-kadence-advancedheading.kt-adv-heading3502_aa13cc-f6[data-kb-block=\"kb-adv-heading3502_aa13cc-f6\"] img.kb-inline-image{width:150px;vertical-align:baseline;}<\/style>\n<p class=\"kt-adv-heading3502_aa13cc-f6 wp-block-kadence-advancedheading has-theme-palette-6-color has-text-color\" data-kb-block=\"kb-adv-heading3502_aa13cc-f6\"><strong><strong><strong><strong><strong>Spalanie paliw kopalnych (ropy, gazu czy w\u0119gla) nie tylko negatywnie wp\u0142ywa na stan zdrowia ludzi, ale r\u00f3wnie\u017c prowadzi do powa\u017cnych w skutkach zmian klimatycznych. Oba te czynniki stanowi\u0105 powa\u017cne zagro\u017cenie dla przysz\u0142ych pokole\u0144.<\/strong><\/strong><\/strong><\/strong><\/strong><\/p>\n\n\n<style>.wp-block-kadence-advancedheading.kt-adv-heading3502_385e61-de, .wp-block-kadence-advancedheading.kt-adv-heading3502_385e61-de[data-kb-block=\"kb-adv-heading3502_385e61-de\"]{font-style:normal;}.wp-block-kadence-advancedheading.kt-adv-heading3502_385e61-de mark.kt-highlight, .wp-block-kadence-advancedheading.kt-adv-heading3502_385e61-de[data-kb-block=\"kb-adv-heading3502_385e61-de\"] mark.kt-highlight{font-style:normal;color:#f76a0c;-webkit-box-decoration-break:clone;box-decoration-break:clone;padding-top:0px;padding-right:0px;padding-bottom:0px;padding-left:0px;}.wp-block-kadence-advancedheading.kt-adv-heading3502_385e61-de img.kb-inline-image, .wp-block-kadence-advancedheading.kt-adv-heading3502_385e61-de[data-kb-block=\"kb-adv-heading3502_385e61-de\"] img.kb-inline-image{width:150px;vertical-align:baseline;}<\/style>\n<p class=\"kt-adv-heading3502_385e61-de wp-block-kadence-advancedheading has-theme-palette-6-color has-text-color\" data-kb-block=\"kb-adv-heading3502_385e61-de\">W artykule pogl\u0105dowym przygotowanym przez prof. Perer\u0119 z Uniwersytetu Columbia (Nowy York, USA), przedstawiono wyniki bada\u0144 z ca\u0142ego \u015bwiata, opublikowanych w ostatnich dziesi\u0119ciu latach na temat wp\u0142ywu zanieczyszcze\u0144 powietrza i zmian klimatycznych na zdrowie dzieci.<\/p>\n\n\n<style>.wp-block-kadence-advancedheading.kt-adv-heading3502_0b9cd5-c2, .wp-block-kadence-advancedheading.kt-adv-heading3502_0b9cd5-c2[data-kb-block=\"kb-adv-heading3502_0b9cd5-c2\"]{font-style:normal;}.wp-block-kadence-advancedheading.kt-adv-heading3502_0b9cd5-c2 mark.kt-highlight, .wp-block-kadence-advancedheading.kt-adv-heading3502_0b9cd5-c2[data-kb-block=\"kb-adv-heading3502_0b9cd5-c2\"] mark.kt-highlight{font-style:normal;color:#f76a0c;-webkit-box-decoration-break:clone;box-decoration-break:clone;padding-top:0px;padding-right:0px;padding-bottom:0px;padding-left:0px;}.wp-block-kadence-advancedheading.kt-adv-heading3502_0b9cd5-c2 img.kb-inline-image, .wp-block-kadence-advancedheading.kt-adv-heading3502_0b9cd5-c2[data-kb-block=\"kb-adv-heading3502_0b9cd5-c2\"] img.kb-inline-image{width:150px;vertical-align:baseline;}<\/style>\n<p class=\"kt-adv-heading3502_0b9cd5-c2 wp-block-kadence-advancedheading has-theme-palette-6-color has-text-color\" data-kb-block=\"kb-adv-heading3502_0b9cd5-c2\">Dzieci poni\u017cej 5 roku \u017cycia stanowi\u0105 tylko 10% \u015bwiatowej populacji, ale to one najbardziej odczuwaj\u0105 skutki wci\u0105\u017c pogarszaj\u0105cego si\u0119 stanu \u015brodowiska naturalnego (oko\u0142o 40% z wszystkich zachorowa\u0144 spowodowanych zmianami w \u015brodowisku przypada na dzieci). Wed\u0142ug \u015awiatowej Organizacji Zdrowia oko\u0142o 88% dzieci cierpi z powodu chor\u00f3b wywo\u0142anych zmianami klimatycznymi. Problem ten dotyka szczeg\u00f3lnie dzieci zamieszkuj\u0105cych najbiedniejsze regiony \u015bwiata.<\/p>\n\n\n<style>.wp-block-kadence-advancedheading.kt-adv-heading3502_664da5-51, .wp-block-kadence-advancedheading.kt-adv-heading3502_664da5-51[data-kb-block=\"kb-adv-heading3502_664da5-51\"]{font-style:normal;}.wp-block-kadence-advancedheading.kt-adv-heading3502_664da5-51 mark.kt-highlight, .wp-block-kadence-advancedheading.kt-adv-heading3502_664da5-51[data-kb-block=\"kb-adv-heading3502_664da5-51\"] mark.kt-highlight{font-style:normal;color:#f76a0c;-webkit-box-decoration-break:clone;box-decoration-break:clone;padding-top:0px;padding-right:0px;padding-bottom:0px;padding-left:0px;}.wp-block-kadence-advancedheading.kt-adv-heading3502_664da5-51 img.kb-inline-image, .wp-block-kadence-advancedheading.kt-adv-heading3502_664da5-51[data-kb-block=\"kb-adv-heading3502_664da5-51\"] img.kb-inline-image{width:150px;vertical-align:baseline;}<\/style>\n<p class=\"kt-adv-heading3502_664da5-51 wp-block-kadence-advancedheading has-theme-palette-6-color has-text-color\" data-kb-block=\"kb-adv-heading3502_664da5-51\">Grup\u0105 najbardziej nara\u017con\u0105 na zanieczyszczenia powietrza s\u0105 dzieci i niemowl\u0119ta. Przyczyn\u0105 jest niedostatecznie rozwini\u0119ty uk\u0142ad odporno\u015bciowy, kt\u00f3ry chroni przed dzia\u0142aniem toksycznych zwi\u0105zk\u00f3w. Dodatkowo szkodliwe substancje utrzymuj\u0105ce si\u0119 w powietrzu mog\u0105 op\u00f3\u017ania\u0107 rozw\u00f3j umys\u0142owy dziecka, np. obni\u017ca\u0107 poziom IQ, a nawet wywo\u0142ywa\u0107 zesp\u00f3\u0142 nadpobudliwo\u015bci z deficytem uwagi (ADHD).<\/p>\n\n\n<style>.wp-block-kadence-advancedheading.kt-adv-heading3502_98fcb7-f8, .wp-block-kadence-advancedheading.kt-adv-heading3502_98fcb7-f8[data-kb-block=\"kb-adv-heading3502_98fcb7-f8\"]{font-style:normal;}.wp-block-kadence-advancedheading.kt-adv-heading3502_98fcb7-f8 mark.kt-highlight, .wp-block-kadence-advancedheading.kt-adv-heading3502_98fcb7-f8[data-kb-block=\"kb-adv-heading3502_98fcb7-f8\"] mark.kt-highlight{font-style:normal;color:#f76a0c;-webkit-box-decoration-break:clone;box-decoration-break:clone;padding-top:0px;padding-right:0px;padding-bottom:0px;padding-left:0px;}.wp-block-kadence-advancedheading.kt-adv-heading3502_98fcb7-f8 img.kb-inline-image, .wp-block-kadence-advancedheading.kt-adv-heading3502_98fcb7-f8[data-kb-block=\"kb-adv-heading3502_98fcb7-f8\"] img.kb-inline-image{width:150px;vertical-align:baseline;}<\/style>\n<p class=\"kt-adv-heading3502_98fcb7-f8 wp-block-kadence-advancedheading has-theme-palette-6-color has-text-color\" data-kb-block=\"kb-adv-heading3502_98fcb7-f8\">Badania przeprowadzone w Europie, Kalifornii i Chinach wykazuj\u0105 korelacj\u0119 pomi\u0119dzy zanieczyszczeniem powietrza a przedwczesnymi porodami i niedowag\u0105 narodzonych niemowl\u0105t.<\/p>\n\n\n<style>.wp-block-kadence-advancedheading.kt-adv-heading3502_da58be-21, .wp-block-kadence-advancedheading.kt-adv-heading3502_da58be-21[data-kb-block=\"kb-adv-heading3502_da58be-21\"]{font-style:normal;}.wp-block-kadence-advancedheading.kt-adv-heading3502_da58be-21 mark.kt-highlight, .wp-block-kadence-advancedheading.kt-adv-heading3502_da58be-21[data-kb-block=\"kb-adv-heading3502_da58be-21\"] mark.kt-highlight{font-style:normal;color:#f76a0c;-webkit-box-decoration-break:clone;box-decoration-break:clone;padding-top:0px;padding-right:0px;padding-bottom:0px;padding-left:0px;}.wp-block-kadence-advancedheading.kt-adv-heading3502_da58be-21 img.kb-inline-image, .wp-block-kadence-advancedheading.kt-adv-heading3502_da58be-21[data-kb-block=\"kb-adv-heading3502_da58be-21\"] img.kb-inline-image{width:150px;vertical-align:baseline;}<\/style>\n<p class=\"kt-adv-heading3502_da58be-21 wp-block-kadence-advancedheading has-theme-palette-6-color has-text-color\" data-kb-block=\"kb-adv-heading3502_da58be-21\">Zanieczyszczenia powietrza uwolnione wskutek spalania paliw kopalnych wp\u0142ywaj\u0105 bezpo\u015brednio na uk\u0142ad oddechowy dziecka wywo\u0142uj\u0105c takie schorzenia jak astma czy zapalenia oskrzeli. Najnowsze badania z USA pokazuj\u0105, \u017ce coraz wi\u0119cej dzieci choruje na astm\u0119 i zapalnie oskrzeli.<\/p>\n\n\n<style>.wp-block-kadence-advancedheading.kt-adv-heading3502_d1aadc-2b, .wp-block-kadence-advancedheading.kt-adv-heading3502_d1aadc-2b[data-kb-block=\"kb-adv-heading3502_d1aadc-2b\"]{font-style:normal;}.wp-block-kadence-advancedheading.kt-adv-heading3502_d1aadc-2b mark.kt-highlight, .wp-block-kadence-advancedheading.kt-adv-heading3502_d1aadc-2b[data-kb-block=\"kb-adv-heading3502_d1aadc-2b\"] mark.kt-highlight{font-style:normal;color:#f76a0c;-webkit-box-decoration-break:clone;box-decoration-break:clone;padding-top:0px;padding-right:0px;padding-bottom:0px;padding-left:0px;}.wp-block-kadence-advancedheading.kt-adv-heading3502_d1aadc-2b img.kb-inline-image, .wp-block-kadence-advancedheading.kt-adv-heading3502_d1aadc-2b[data-kb-block=\"kb-adv-heading3502_d1aadc-2b\"] img.kb-inline-image{width:150px;vertical-align:baseline;}<\/style>\n<p class=\"kt-adv-heading3502_d1aadc-2b wp-block-kadence-advancedheading has-theme-palette-6-color has-text-color\" data-kb-block=\"kb-adv-heading3502_d1aadc-2b\">Spalanie paliw kopalnych uwalnia znacz\u0105ce ilo\u015bci gaz\u00f3w cieplarnianych (np. CO2), kt\u00f3re zatrzymuj\u0105c ciep\u0142o pochodz\u0105ce z promieni s\u0142onecznych, doprowadzaj\u0105 do stopniowego ocieplania klimatu. Wy\u017csze temperatury mog\u0105 powodowa\u0107 szybsze rozprzestrzenianie si\u0119 chor\u00f3b zaka\u017anych, takich jak malaria czy tropikalna choroba wirusowa.<\/p>\n\n\n<style>.wp-block-kadence-advancedheading.kt-adv-heading3502_8ec6a4-98, .wp-block-kadence-advancedheading.kt-adv-heading3502_8ec6a4-98[data-kb-block=\"kb-adv-heading3502_8ec6a4-98\"]{font-style:normal;}.wp-block-kadence-advancedheading.kt-adv-heading3502_8ec6a4-98 mark.kt-highlight, .wp-block-kadence-advancedheading.kt-adv-heading3502_8ec6a4-98[data-kb-block=\"kb-adv-heading3502_8ec6a4-98\"] mark.kt-highlight{font-style:normal;color:#f76a0c;-webkit-box-decoration-break:clone;box-decoration-break:clone;padding-top:0px;padding-right:0px;padding-bottom:0px;padding-left:0px;}.wp-block-kadence-advancedheading.kt-adv-heading3502_8ec6a4-98 img.kb-inline-image, .wp-block-kadence-advancedheading.kt-adv-heading3502_8ec6a4-98[data-kb-block=\"kb-adv-heading3502_8ec6a4-98\"] img.kb-inline-image{width:150px;vertical-align:baseline;}<\/style>\n<p class=\"kt-adv-heading3502_8ec6a4-98 wp-block-kadence-advancedheading has-theme-palette-6-color has-text-color\" data-kb-block=\"kb-adv-heading3502_8ec6a4-98\">Z powodu rosn\u0105cych temperatur zanieczyszczenia pierwotne przekszta\u0142caj\u0105 si\u0119 w ozon troposferyczny, b\u0119d\u0105cy tzw. zanieczyszczeniem wt\u00f3rnym. Wdychanie ozonu podra\u017cnia p\u0142uca, prowadz\u0105c do powa\u017cnych problem\u00f3w z oddychaniem, szczeg\u00f3lnie u dzieci z objawami astmy.<\/p>\n\n\n<style>.wp-block-kadence-advancedheading.kt-adv-heading3502_eb0487-7a, .wp-block-kadence-advancedheading.kt-adv-heading3502_eb0487-7a[data-kb-block=\"kb-adv-heading3502_eb0487-7a\"]{font-style:normal;}.wp-block-kadence-advancedheading.kt-adv-heading3502_eb0487-7a mark.kt-highlight, .wp-block-kadence-advancedheading.kt-adv-heading3502_eb0487-7a[data-kb-block=\"kb-adv-heading3502_eb0487-7a\"] mark.kt-highlight{font-style:normal;color:#f76a0c;-webkit-box-decoration-break:clone;box-decoration-break:clone;padding-top:0px;padding-right:0px;padding-bottom:0px;padding-left:0px;}.wp-block-kadence-advancedheading.kt-adv-heading3502_eb0487-7a img.kb-inline-image, .wp-block-kadence-advancedheading.kt-adv-heading3502_eb0487-7a[data-kb-block=\"kb-adv-heading3502_eb0487-7a\"] img.kb-inline-image{width:150px;vertical-align:baseline;}<\/style>\n<p class=\"kt-adv-heading3502_eb0487-7a wp-block-kadence-advancedheading has-theme-palette-6-color has-text-color\" data-kb-block=\"kb-adv-heading3502_eb0487-7a\">Jak zaznaczono w artykule wiedza na temat wp\u0142ywu zanieczyszcze\u0144 powietrza i zmian klimatycznych na zdrowie jest bardzo wa\u017cna w przypadku lekarzy, szczeg\u00f3lnie pediatr\u00f3w opiekuj\u0105cych si\u0119 zdrowiem dzieci. Obecnie jedn\u0105 z g\u0142\u00f3wnych r\u00f3l odgrywanych przez lekarzy powinno by\u0107 u\u015bwiadamianie spo\u0142eczno\u015bci odno\u015bnie szkodliwego wp\u0142ywu zanieczyszcze\u0144 powietrza i zmian klimatycznych na zdrowie cz\u0142owieka.<\/p>\n\n\n<style>.wp-block-kadence-advancedheading.kt-adv-heading3502_d2c6b3-9f, .wp-block-kadence-advancedheading.kt-adv-heading3502_d2c6b3-9f[data-kb-block=\"kb-adv-heading3502_d2c6b3-9f\"]{font-style:normal;}.wp-block-kadence-advancedheading.kt-adv-heading3502_d2c6b3-9f mark.kt-highlight, .wp-block-kadence-advancedheading.kt-adv-heading3502_d2c6b3-9f[data-kb-block=\"kb-adv-heading3502_d2c6b3-9f\"] mark.kt-highlight{font-style:normal;color:#f76a0c;-webkit-box-decoration-break:clone;box-decoration-break:clone;padding-top:0px;padding-right:0px;padding-bottom:0px;padding-left:0px;}.wp-block-kadence-advancedheading.kt-adv-heading3502_d2c6b3-9f img.kb-inline-image, .wp-block-kadence-advancedheading.kt-adv-heading3502_d2c6b3-9f[data-kb-block=\"kb-adv-heading3502_d2c6b3-9f\"] img.kb-inline-image{width:150px;vertical-align:baseline;}<\/style>\n<p class=\"kt-adv-heading3502_d2c6b3-9f wp-block-kadence-advancedheading has-theme-palette-6-color has-text-color\" data-kb-block=\"kb-adv-heading3502_d2c6b3-9f\">Prof. Perera w swej pracy podkre\u015bla: \u201eprzysz\u0142e dzia\u0142ania powinny by\u0107 skupione na redukcji emisji zanieczyszcze\u0144 powietrza pochodz\u0105cych ze spalania paliw kopalnych w celu ochrony grupy os\u00f3b najbardziej podatnej na ich dzia\u0142anie \u00a0\u2013 dzieci\u201d.<\/p>\n\n\n<style>.wp-block-kadence-advancedheading.kt-adv-heading3502_dbcb17-b4, .wp-block-kadence-advancedheading.kt-adv-heading3502_dbcb17-b4[data-kb-block=\"kb-adv-heading3502_dbcb17-b4\"]{font-style:normal;}.wp-block-kadence-advancedheading.kt-adv-heading3502_dbcb17-b4 mark.kt-highlight, .wp-block-kadence-advancedheading.kt-adv-heading3502_dbcb17-b4[data-kb-block=\"kb-adv-heading3502_dbcb17-b4\"] mark.kt-highlight{font-style:normal;color:#f76a0c;-webkit-box-decoration-break:clone;box-decoration-break:clone;padding-top:0px;padding-right:0px;padding-bottom:0px;padding-left:0px;}.wp-block-kadence-advancedheading.kt-adv-heading3502_dbcb17-b4 img.kb-inline-image, .wp-block-kadence-advancedheading.kt-adv-heading3502_dbcb17-b4[data-kb-block=\"kb-adv-heading3502_dbcb17-b4\"] img.kb-inline-image{width:150px;vertical-align:baseline;}<\/style>\n<p class=\"kt-adv-heading3502_dbcb17-b4 wp-block-kadence-advancedheading has-theme-palette-6-color has-text-color\" data-kb-block=\"kb-adv-heading3502_dbcb17-b4\"><strong>\u0179r\u00f3d\u0142o:<\/strong>\u00a0<em>Perera, F.P, 2016. Multiple threats to child health from fossil fuel combustion: Impacts of air pollution and climate change. Environmental Health Perspectives. do1:10.1289\/EHP299.<\/em><\/p>\n\n\n<style>.wp-block-kadence-advancedheading.kt-adv-heading3502_273174-7b, .wp-block-kadence-advancedheading.kt-adv-heading3502_273174-7b[data-kb-block=\"kb-adv-heading3502_273174-7b\"]{font-style:normal;}.wp-block-kadence-advancedheading.kt-adv-heading3502_273174-7b mark.kt-highlight, .wp-block-kadence-advancedheading.kt-adv-heading3502_273174-7b[data-kb-block=\"kb-adv-heading3502_273174-7b\"] mark.kt-highlight{font-style:normal;color:#f76a0c;-webkit-box-decoration-break:clone;box-decoration-break:clone;padding-top:0px;padding-right:0px;padding-bottom:0px;padding-left:0px;}.wp-block-kadence-advancedheading.kt-adv-heading3502_273174-7b img.kb-inline-image, .wp-block-kadence-advancedheading.kt-adv-heading3502_273174-7b[data-kb-block=\"kb-adv-heading3502_273174-7b\"] img.kb-inline-image{width:150px;vertical-align:baseline;}<\/style>\n<p class=\"kt-adv-heading3502_273174-7b wp-block-kadence-advancedheading has-theme-palette-6-color has-text-color\" data-kb-block=\"kb-adv-heading3502_273174-7b\"><strong>Publikacja na\u00a0<a rel=\"noreferrer noopener\" href=\"http:\/\/eko.org.pl\/index_news.php?dzial=2&amp;kat=20&amp;art=1804\" target=\"_blank\">www.eko.org.pl<\/a>\u00a0[za:]\u00a0<a rel=\"noreferrer noopener\" href=\"http:\/\/healpolska.pl\/aktualnosci\/spalanie-paliw-kopalnych-zagraza-dzieciom\/\" target=\"_blank\">www.healpolska.pl<\/a><\/strong><\/p>\n","protected":false},"excerpt":{"rendered":"<p>Die Verbrennung von fossilen Brennstoffen (\u00d6l, Gas oder Kohle) hat nicht nur negative Auswirkungen auf die menschliche Gesundheit, sondern f\u00fchrt auch zu einem gravierenden Klimawandel. Beides stellt eine ernste Bedrohung f\u00fcr k\u00fcnftige Generationen dar. In einem von Prof. Perera von der Columbia University (New York, USA) verfassten \u00dcberblicksartikel werden die Ergebnisse von Studien aus der ganzen Welt, die in den letzten...<\/p>","protected":false},"author":1,"featured_media":3504,"comment_status":"open","ping_status":"open","sticky":false,"template":"","format":"standard","meta":{"_acf_changed":false,"_kad_blocks_custom_css":"","_kad_blocks_head_custom_js":"","_kad_blocks_body_custom_js":"","_kad_blocks_footer_custom_js":"","_kad_post_transparent":"","_kad_post_title":"","_kad_post_layout":"","_kad_post_sidebar_id":"","_kad_post_content_style":"","_kad_post_vertical_padding":"","_kad_post_feature":"default","_kad_post_feature_position":"","_kad_post_header":false,"_kad_post_footer":false,"_kad_post_classname":"","footnotes":""},"categories":[13],"tags":[],"class_list":["post-3502","post","type-post","status-publish","format-standard","has-post-thumbnail","hentry","category-blisko-ludzi"],"acf":[],"yoast_head":"<!-- This site is optimized with the Yoast SEO plugin v27.4 - https:\/\/yoast.com\/product\/yoast-seo-wordpress\/ -->\n<title>Spalanie paliw kopalnych zagra\u017ca dzieciom - EKOlogistyka24 - przew\u00f3z odpad\u00f3w i pozwolenia na transport<\/title>\n<meta name=\"robots\" content=\"index, follow, max-snippet:-1, max-image-preview:large, max-video-preview:-1\" \/>\n<link rel=\"canonical\" href=\"https:\/\/ekologistyka24.pl\/de\/die-verbrennung-fossiler-brennstoffe-gefahrdet-kinder\/\" \/>\n<meta property=\"og:locale\" content=\"de_DE\" \/>\n<meta property=\"og:type\" content=\"article\" \/>\n<meta property=\"og:title\" content=\"Spalanie paliw kopalnych zagra\u017ca dzieciom - EKOlogistyka24 - przew\u00f3z odpad\u00f3w i pozwolenia na transport\" \/>\n<meta property=\"og:description\" content=\"Spalanie paliw kopalnych (ropy, gazu czy w\u0119gla) nie tylko negatywnie wp\u0142ywa na stan zdrowia ludzi, ale r\u00f3wnie\u017c prowadzi do powa\u017cnych w skutkach zmian klimatycznych. Oba te czynniki stanowi\u0105 powa\u017cne zagro\u017cenie dla przysz\u0142ych pokole\u0144. W artykule pogl\u0105dowym przygotowanym przez prof. Perer\u0119 z Uniwersytetu Columbia (Nowy York, USA), przedstawiono wyniki bada\u0144 z ca\u0142ego \u015bwiata, opublikowanych w ostatnich...\" \/>\n<meta property=\"og:url\" content=\"https:\/\/ekologistyka24.pl\/de\/die-verbrennung-fossiler-brennstoffe-gefahrdet-kinder\/\" \/>\n<meta property=\"og:site_name\" content=\"EKOlogistyka24 - przew\u00f3z odpad\u00f3w i pozwolenia na transport\" \/>\n<meta property=\"article:publisher\" content=\"https:\/\/www.facebook.com\/profile.php?id=100058909846099\" \/>\n<meta property=\"article:published_time\" content=\"2023-09-20T09:13:21+00:00\" \/>\n<meta property=\"og:image\" content=\"https:\/\/ekologistyka24.pl\/wp-content\/uploads\/2023\/09\/128.webp\" \/>\n\t<meta property=\"og:image:width\" content=\"720\" \/>\n\t<meta property=\"og:image:height\" content=\"501\" \/>\n\t<meta property=\"og:image:type\" content=\"image\/webp\" \/>\n<meta name=\"author\" content=\"Admin\" \/>\n<meta name=\"twitter:card\" content=\"summary_large_image\" \/>\n<meta name=\"twitter:label1\" content=\"Verfasst von\" \/>\n\t<meta name=\"twitter:data1\" content=\"Admin\" \/>\n\t<meta name=\"twitter:label2\" content=\"Gesch\u00e4tzte Lesezeit\" \/>\n\t<meta name=\"twitter:data2\" content=\"2\u00a0Minuten\" \/>\n<script type=\"application\/ld+json\" class=\"yoast-schema-graph\">{\"@context\":\"https:\\\/\\\/schema.org\",\"@graph\":[{\"@type\":\"Article\",\"@id\":\"https:\\\/\\\/ekologistyka24.pl\\\/spalanie-paliw-kopalnych-zagraza-dzieciom\\\/#article\",\"isPartOf\":{\"@id\":\"https:\\\/\\\/ekologistyka24.pl\\\/spalanie-paliw-kopalnych-zagraza-dzieciom\\\/\"},\"author\":{\"name\":\"Admin\",\"@id\":\"https:\\\/\\\/ekologistyka24.pl\\\/#\\\/schema\\\/person\\\/aa9acc9b3c583ce45bd2fbeb7e4aca37\"},\"headline\":\"Spalanie paliw kopalnych zagra\u017ca dzieciom\",\"datePublished\":\"2023-09-20T09:13:21+00:00\",\"mainEntityOfPage\":{\"@id\":\"https:\\\/\\\/ekologistyka24.pl\\\/spalanie-paliw-kopalnych-zagraza-dzieciom\\\/\"},\"wordCount\":502,\"commentCount\":0,\"publisher\":{\"@id\":\"https:\\\/\\\/ekologistyka24.pl\\\/#organization\"},\"image\":{\"@id\":\"https:\\\/\\\/ekologistyka24.pl\\\/spalanie-paliw-kopalnych-zagraza-dzieciom\\\/#primaryimage\"},\"thumbnailUrl\":\"https:\\\/\\\/ekologistyka24.pl\\\/wp-content\\\/uploads\\\/2023\\\/09\\\/128.webp\",\"articleSection\":[\"Blisko ludzi\"],\"inLanguage\":\"de\",\"potentialAction\":[{\"@type\":\"CommentAction\",\"name\":\"Comment\",\"target\":[\"https:\\\/\\\/ekologistyka24.pl\\\/spalanie-paliw-kopalnych-zagraza-dzieciom\\\/#respond\"]}]},{\"@type\":\"WebPage\",\"@id\":\"https:\\\/\\\/ekologistyka24.pl\\\/spalanie-paliw-kopalnych-zagraza-dzieciom\\\/\",\"url\":\"https:\\\/\\\/ekologistyka24.pl\\\/spalanie-paliw-kopalnych-zagraza-dzieciom\\\/\",\"name\":\"Spalanie paliw kopalnych zagra\u017ca dzieciom - EKOlogistyka24 - przew\u00f3z odpad\u00f3w i pozwolenia na transport\",\"isPartOf\":{\"@id\":\"https:\\\/\\\/ekologistyka24.pl\\\/#website\"},\"primaryImageOfPage\":{\"@id\":\"https:\\\/\\\/ekologistyka24.pl\\\/spalanie-paliw-kopalnych-zagraza-dzieciom\\\/#primaryimage\"},\"image\":{\"@id\":\"https:\\\/\\\/ekologistyka24.pl\\\/spalanie-paliw-kopalnych-zagraza-dzieciom\\\/#primaryimage\"},\"thumbnailUrl\":\"https:\\\/\\\/ekologistyka24.pl\\\/wp-content\\\/uploads\\\/2023\\\/09\\\/128.webp\",\"datePublished\":\"2023-09-20T09:13:21+00:00\",\"inLanguage\":\"de\",\"potentialAction\":[{\"@type\":\"ReadAction\",\"target\":[\"https:\\\/\\\/ekologistyka24.pl\\\/spalanie-paliw-kopalnych-zagraza-dzieciom\\\/\"]}]},{\"@type\":\"ImageObject\",\"inLanguage\":\"de\",\"@id\":\"https:\\\/\\\/ekologistyka24.pl\\\/spalanie-paliw-kopalnych-zagraza-dzieciom\\\/#primaryimage\",\"url\":\"https:\\\/\\\/ekologistyka24.pl\\\/wp-content\\\/uploads\\\/2023\\\/09\\\/128.webp\",\"contentUrl\":\"https:\\\/\\\/ekologistyka24.pl\\\/wp-content\\\/uploads\\\/2023\\\/09\\\/128.webp\",\"width\":720,\"height\":501},{\"@type\":\"WebSite\",\"@id\":\"https:\\\/\\\/ekologistyka24.pl\\\/#website\",\"url\":\"https:\\\/\\\/ekologistyka24.pl\\\/\",\"name\":\"EKOlogistyka24 - przew\u00f3z odpad\u00f3w i pozwolenia na transport\",\"description\":\"\",\"publisher\":{\"@id\":\"https:\\\/\\\/ekologistyka24.pl\\\/#organization\"},\"potentialAction\":[{\"@type\":\"SearchAction\",\"target\":{\"@type\":\"EntryPoint\",\"urlTemplate\":\"https:\\\/\\\/ekologistyka24.pl\\\/?s={search_term_string}\"},\"query-input\":{\"@type\":\"PropertyValueSpecification\",\"valueRequired\":true,\"valueName\":\"search_term_string\"}}],\"inLanguage\":\"de\"},{\"@type\":\"Organization\",\"@id\":\"https:\\\/\\\/ekologistyka24.pl\\\/#organization\",\"name\":\"EKOlogistyka24 - przew\u00f3z odpad\u00f3w i pozwolenia na transport\",\"url\":\"https:\\\/\\\/ekologistyka24.pl\\\/\",\"logo\":{\"@type\":\"ImageObject\",\"inLanguage\":\"de\",\"@id\":\"https:\\\/\\\/ekologistyka24.pl\\\/#\\\/schema\\\/logo\\\/image\\\/\",\"url\":\"https:\\\/\\\/ekologistyka24.pl\\\/wp-content\\\/uploads\\\/2023\\\/08\\\/logo.png\",\"contentUrl\":\"https:\\\/\\\/ekologistyka24.pl\\\/wp-content\\\/uploads\\\/2023\\\/08\\\/logo.png\",\"width\":220,\"height\":90,\"caption\":\"EKOlogistyka24 - przew\u00f3z odpad\u00f3w i pozwolenia na transport\"},\"image\":{\"@id\":\"https:\\\/\\\/ekologistyka24.pl\\\/#\\\/schema\\\/logo\\\/image\\\/\"},\"sameAs\":[\"https:\\\/\\\/www.facebook.com\\\/profile.php?id=100058909846099\"]},{\"@type\":\"Person\",\"@id\":\"https:\\\/\\\/ekologistyka24.pl\\\/#\\\/schema\\\/person\\\/aa9acc9b3c583ce45bd2fbeb7e4aca37\",\"name\":\"Admin\",\"image\":{\"@type\":\"ImageObject\",\"inLanguage\":\"de\",\"@id\":\"https:\\\/\\\/ekologistyka24.pl\\\/wp-content\\\/litespeed\\\/avatar\\\/5e772ca5311e5fa4d0390e7dd7b25d4f.jpg?ver=1777060035\",\"url\":\"https:\\\/\\\/ekologistyka24.pl\\\/wp-content\\\/litespeed\\\/avatar\\\/5e772ca5311e5fa4d0390e7dd7b25d4f.jpg?ver=1777060035\",\"contentUrl\":\"https:\\\/\\\/ekologistyka24.pl\\\/wp-content\\\/litespeed\\\/avatar\\\/5e772ca5311e5fa4d0390e7dd7b25d4f.jpg?ver=1777060035\",\"caption\":\"Admin\"},\"sameAs\":[\"http:\\\/\\\/ekologistyka24.pl\"],\"url\":\"https:\\\/\\\/ekologistyka24.pl\\\/de\\\/author\\\/3xyotbf8kl6qprapd1pj3woyxeb2pu\\\/\"}]}<\/script>\n<!-- \/ Yoast SEO plugin. -->","yoast_head_json":{"title":"Die Verbrennung fossiler Brennstoffe gef\u00e4hrdet Kinder - EKOlogistics24 - Genehmigungen f\u00fcr die Bef\u00f6rderung von Abf\u00e4llen","robots":{"index":"index","follow":"follow","max-snippet":"max-snippet:-1","max-image-preview":"max-image-preview:large","max-video-preview":"max-video-preview:-1"},"canonical":"https:\/\/ekologistyka24.pl\/de\/die-verbrennung-fossiler-brennstoffe-gefahrdet-kinder\/","og_locale":"de_DE","og_type":"article","og_title":"Spalanie paliw kopalnych zagra\u017ca dzieciom - EKOlogistyka24 - przew\u00f3z odpad\u00f3w i pozwolenia na transport","og_description":"Spalanie paliw kopalnych (ropy, gazu czy w\u0119gla) nie tylko negatywnie wp\u0142ywa na stan zdrowia ludzi, ale r\u00f3wnie\u017c prowadzi do powa\u017cnych w skutkach zmian klimatycznych. Oba te czynniki stanowi\u0105 powa\u017cne zagro\u017cenie dla przysz\u0142ych pokole\u0144. W artykule pogl\u0105dowym przygotowanym przez prof. Perer\u0119 z Uniwersytetu Columbia (Nowy York, USA), przedstawiono wyniki bada\u0144 z ca\u0142ego \u015bwiata, opublikowanych w ostatnich...","og_url":"https:\/\/ekologistyka24.pl\/de\/die-verbrennung-fossiler-brennstoffe-gefahrdet-kinder\/","og_site_name":"EKOlogistyka24 - przew\u00f3z odpad\u00f3w i pozwolenia na transport","article_publisher":"https:\/\/www.facebook.com\/profile.php?id=100058909846099","article_published_time":"2023-09-20T09:13:21+00:00","og_image":[{"width":720,"height":501,"url":"https:\/\/ekologistyka24.pl\/wp-content\/uploads\/2023\/09\/128.webp","type":"image\/webp"}],"author":"Admin","twitter_card":"summary_large_image","twitter_misc":{"Verfasst von":"Admin","Gesch\u00e4tzte Lesezeit":"2\u00a0Minuten"},"schema":{"@context":"https:\/\/schema.org","@graph":[{"@type":"Article","@id":"https:\/\/ekologistyka24.pl\/spalanie-paliw-kopalnych-zagraza-dzieciom\/#article","isPartOf":{"@id":"https:\/\/ekologistyka24.pl\/spalanie-paliw-kopalnych-zagraza-dzieciom\/"},"author":{"name":"Admin","@id":"https:\/\/ekologistyka24.pl\/#\/schema\/person\/aa9acc9b3c583ce45bd2fbeb7e4aca37"},"headline":"Spalanie paliw kopalnych zagra\u017ca dzieciom","datePublished":"2023-09-20T09:13:21+00:00","mainEntityOfPage":{"@id":"https:\/\/ekologistyka24.pl\/spalanie-paliw-kopalnych-zagraza-dzieciom\/"},"wordCount":502,"commentCount":0,"publisher":{"@id":"https:\/\/ekologistyka24.pl\/#organization"},"image":{"@id":"https:\/\/ekologistyka24.pl\/spalanie-paliw-kopalnych-zagraza-dzieciom\/#primaryimage"},"thumbnailUrl":"https:\/\/ekologistyka24.pl\/wp-content\/uploads\/2023\/09\/128.webp","articleSection":["Blisko ludzi"],"inLanguage":"de","potentialAction":[{"@type":"CommentAction","name":"Comment","target":["https:\/\/ekologistyka24.pl\/spalanie-paliw-kopalnych-zagraza-dzieciom\/#respond"]}]},{"@type":"WebPage","@id":"https:\/\/ekologistyka24.pl\/spalanie-paliw-kopalnych-zagraza-dzieciom\/","url":"https:\/\/ekologistyka24.pl\/spalanie-paliw-kopalnych-zagraza-dzieciom\/","name":"Die Verbrennung fossiler Brennstoffe gef\u00e4hrdet Kinder - EKOlogistics24 - Genehmigungen f\u00fcr die Bef\u00f6rderung von Abf\u00e4llen","isPartOf":{"@id":"https:\/\/ekologistyka24.pl\/#website"},"primaryImageOfPage":{"@id":"https:\/\/ekologistyka24.pl\/spalanie-paliw-kopalnych-zagraza-dzieciom\/#primaryimage"},"image":{"@id":"https:\/\/ekologistyka24.pl\/spalanie-paliw-kopalnych-zagraza-dzieciom\/#primaryimage"},"thumbnailUrl":"https:\/\/ekologistyka24.pl\/wp-content\/uploads\/2023\/09\/128.webp","datePublished":"2023-09-20T09:13:21+00:00","inLanguage":"de","potentialAction":[{"@type":"ReadAction","target":["https:\/\/ekologistyka24.pl\/spalanie-paliw-kopalnych-zagraza-dzieciom\/"]}]},{"@type":"ImageObject","inLanguage":"de","@id":"https:\/\/ekologistyka24.pl\/spalanie-paliw-kopalnych-zagraza-dzieciom\/#primaryimage","url":"https:\/\/ekologistyka24.pl\/wp-content\/uploads\/2023\/09\/128.webp","contentUrl":"https:\/\/ekologistyka24.pl\/wp-content\/uploads\/2023\/09\/128.webp","width":720,"height":501},{"@type":"WebSite","@id":"https:\/\/ekologistyka24.pl\/#website","url":"https:\/\/ekologistyka24.pl\/","name":"EKOlogistics24 - Abfalltransport und Transportgenehmigungen","description":"","publisher":{"@id":"https:\/\/ekologistyka24.pl\/#organization"},"potentialAction":[{"@type":"SearchAction","target":{"@type":"EntryPoint","urlTemplate":"https:\/\/ekologistyka24.pl\/?s={search_term_string}"},"query-input":{"@type":"PropertyValueSpecification","valueRequired":true,"valueName":"search_term_string"}}],"inLanguage":"de"},{"@type":"Organization","@id":"https:\/\/ekologistyka24.pl\/#organization","name":"EKOlogistics24 - Abfalltransport und Transportgenehmigungen","url":"https:\/\/ekologistyka24.pl\/","logo":{"@type":"ImageObject","inLanguage":"de","@id":"https:\/\/ekologistyka24.pl\/#\/schema\/logo\/image\/","url":"https:\/\/ekologistyka24.pl\/wp-content\/uploads\/2023\/08\/logo.png","contentUrl":"https:\/\/ekologistyka24.pl\/wp-content\/uploads\/2023\/08\/logo.png","width":220,"height":90,"caption":"EKOlogistyka24 - przew\u00f3z odpad\u00f3w i pozwolenia na transport"},"image":{"@id":"https:\/\/ekologistyka24.pl\/#\/schema\/logo\/image\/"},"sameAs":["https:\/\/www.facebook.com\/profile.php?id=100058909846099"]},{"@type":"Person","@id":"https:\/\/ekologistyka24.pl\/#\/schema\/person\/aa9acc9b3c583ce45bd2fbeb7e4aca37","name":"Verwaltung","image":{"@type":"ImageObject","inLanguage":"de","@id":"https:\/\/ekologistyka24.pl\/wp-content\/litespeed\/avatar\/5e772ca5311e5fa4d0390e7dd7b25d4f.jpg?ver=1777060035","url":"https:\/\/ekologistyka24.pl\/wp-content\/litespeed\/avatar\/5e772ca5311e5fa4d0390e7dd7b25d4f.jpg?ver=1777060035","contentUrl":"https:\/\/ekologistyka24.pl\/wp-content\/litespeed\/avatar\/5e772ca5311e5fa4d0390e7dd7b25d4f.jpg?ver=1777060035","caption":"Admin"},"sameAs":["http:\/\/ekologistyka24.pl"],"url":"https:\/\/ekologistyka24.pl\/de\/author\/3xyotbf8kl6qprapd1pj3woyxeb2pu\/"}]}},"taxonomy_info":{"category":[{"value":13,"label":"Blisko ludzi"}]},"featured_image_src_large":["https:\/\/ekologistyka24.pl\/wp-content\/uploads\/2023\/09\/128.webp",720,501,false],"author_info":{"display_name":"Admin","author_link":"https:\/\/ekologistyka24.pl\/de\/author\/3xyotbf8kl6qprapd1pj3woyxeb2pu\/"},"comment_info":0,"category_info":[{"term_id":13,"name":"Blisko ludzi","slug":"blisko-ludzi","term_group":0,"term_taxonomy_id":13,"taxonomy":"category","description":"","parent":0,"count":4,"filter":"raw","cat_ID":13,"category_count":4,"category_description":"","cat_name":"Blisko ludzi","category_nicename":"blisko-ludzi","category_parent":0}],"tag_info":false,"_links":{"self":[{"href":"https:\/\/ekologistyka24.pl\/de\/wp-json\/wp\/v2\/posts\/3502","targetHints":{"allow":["GET"]}}],"collection":[{"href":"https:\/\/ekologistyka24.pl\/de\/wp-json\/wp\/v2\/posts"}],"about":[{"href":"https:\/\/ekologistyka24.pl\/de\/wp-json\/wp\/v2\/types\/post"}],"author":[{"embeddable":true,"href":"https:\/\/ekologistyka24.pl\/de\/wp-json\/wp\/v2\/users\/1"}],"replies":[{"embeddable":true,"href":"https:\/\/ekologistyka24.pl\/de\/wp-json\/wp\/v2\/comments?post=3502"}],"version-history":[{"count":0,"href":"https:\/\/ekologistyka24.pl\/de\/wp-json\/wp\/v2\/posts\/3502\/revisions"}],"wp:featuredmedia":[{"embeddable":true,"href":"https:\/\/ekologistyka24.pl\/de\/wp-json\/wp\/v2\/media\/3504"}],"wp:attachment":[{"href":"https:\/\/ekologistyka24.pl\/de\/wp-json\/wp\/v2\/media?parent=3502"}],"wp:term":[{"taxonomy":"category","embeddable":true,"href":"https:\/\/ekologistyka24.pl\/de\/wp-json\/wp\/v2\/categories?post=3502"},{"taxonomy":"post_tag","embeddable":true,"href":"https:\/\/ekologistyka24.pl\/de\/wp-json\/wp\/v2\/tags?post=3502"}],"curies":[{"name":"wp","href":"https:\/\/api.w.org\/{rel}","templated":true}]}}