{"id":3538,"date":"2023-09-20T12:28:54","date_gmt":"2023-09-20T10:28:54","guid":{"rendered":"https:\/\/ekologistyka24.pl\/?p=3538"},"modified":"2023-09-20T12:28:54","modified_gmt":"2023-09-20T10:28:54","slug":"das-europaische-parlament-legt-die-messlatte-hoch","status":"publish","type":"post","link":"https:\/\/ekologistyka24.pl\/de\/parlament-europejski-wysoko-stawia-poprzeczke\/","title":{"rendered":"Das Europ\u00e4ische Parlament legt die Messlatte hoch"},"content":{"rendered":"<style>.wp-block-kadence-advancedheading.kt-adv-heading3538_5ddd61-7f, .wp-block-kadence-advancedheading.kt-adv-heading3538_5ddd61-7f[data-kb-block=\"kb-adv-heading3538_5ddd61-7f\"]{font-style:normal;}.wp-block-kadence-advancedheading.kt-adv-heading3538_5ddd61-7f mark.kt-highlight, .wp-block-kadence-advancedheading.kt-adv-heading3538_5ddd61-7f[data-kb-block=\"kb-adv-heading3538_5ddd61-7f\"] mark.kt-highlight{font-style:normal;color:#f76a0c;-webkit-box-decoration-break:clone;box-decoration-break:clone;padding-top:0px;padding-right:0px;padding-bottom:0px;padding-left:0px;}.wp-block-kadence-advancedheading.kt-adv-heading3538_5ddd61-7f img.kb-inline-image, .wp-block-kadence-advancedheading.kt-adv-heading3538_5ddd61-7f[data-kb-block=\"kb-adv-heading3538_5ddd61-7f\"] img.kb-inline-image{width:150px;vertical-align:baseline;}<\/style>\n<p class=\"kt-adv-heading3538_5ddd61-7f wp-block-kadence-advancedheading has-theme-palette-6-color has-text-color\" data-kb-block=\"kb-adv-heading3538_5ddd61-7f\"><strong><strong><strong><strong><strong><strong><strong><strong><strong><strong><strong><strong>Parlament Europejski g\u0142osowa\u0142 we wtorek (14.03) za przyj\u0119ciem przepis\u00f3w, wed\u0142ug kt\u00f3rych do 2030 roku w ca\u0142ej UE osi\u0105gni\u0119ty ma zosta\u0107 wska\u017anik recyklingu odpad\u00f3w opakowaniowych na poziomie 70%. Pocz\u0105tkowo projekt zak\u0142ada\u0142 pu\u0142ap 80% oraz tymczasowe cele dla poszczeg\u00f3lnych materia\u0142\u00f3w (tj. szk\u0142a, plastiku, metalu itd.) z dat\u0105 graniczn\u0105 ustanowion\u0105 na 2025 rok.<\/strong><\/strong><\/strong><\/strong><\/strong><\/strong><\/strong><\/strong><\/strong><\/strong><\/strong><\/strong><\/p>\n\n\n<style>.wp-block-kadence-advancedheading.kt-adv-heading3538_760e38-e4, .wp-block-kadence-advancedheading.kt-adv-heading3538_760e38-e4[data-kb-block=\"kb-adv-heading3538_760e38-e4\"]{font-style:normal;}.wp-block-kadence-advancedheading.kt-adv-heading3538_760e38-e4 mark.kt-highlight, .wp-block-kadence-advancedheading.kt-adv-heading3538_760e38-e4[data-kb-block=\"kb-adv-heading3538_760e38-e4\"] mark.kt-highlight{font-style:normal;color:#f76a0c;-webkit-box-decoration-break:clone;box-decoration-break:clone;padding-top:0px;padding-right:0px;padding-bottom:0px;padding-left:0px;}.wp-block-kadence-advancedheading.kt-adv-heading3538_760e38-e4 img.kb-inline-image, .wp-block-kadence-advancedheading.kt-adv-heading3538_760e38-e4[data-kb-block=\"kb-adv-heading3538_760e38-e4\"] img.kb-inline-image{width:150px;vertical-align:baseline;}<\/style>\n<p class=\"kt-adv-heading3538_760e38-e4 wp-block-kadence-advancedheading has-theme-palette-6-color has-text-color\" data-kb-block=\"kb-adv-heading3538_760e38-e4\">Cz\u0142onkowie PE poparli tak\u017ce plan, wed\u0142ug kt\u00f3rego dopuszczalna liczba odpad\u00f3w, sk\u0142adowanych na wysypiskach, mog\u0142aby wynosi\u0107 jedynie 5% og\u00f3\u0142u generowanych w danym kraju. Parlamentarzy\u015bci europejscy dali r\u00f3wnie\u017c zielone \u015bwiat\u0142o dla dzia\u0142a\u0144, maj\u0105cych na celu zmniejszenie ilo\u015bci odpad\u00f3w spo\u017cywczych o 50% do 2030 roku.<\/p>\n\n\n\n<blockquote class=\"wp-block-quote is-layout-flow wp-block-quote-is-layout-flow\">\n<p class=\"has-theme-palette-6-color has-text-color\">Dzi\u015b znaczna cz\u0119\u015b\u0107 parlamentarzyst\u00f3w pokaza\u0142a, \u017ce wierzy w mo\u017cliwo\u015b\u0107 przej\u015bcia z gospodarki w obecnej formie na gospodark\u0119 cyrkularn\u0105 \u2013 powiedzia\u0142a reprezentuj\u0105ca W\u0142ochy w PE Simona Bonafe. &#8211;\u00a0Zdecydowali\u015bmy si\u0119 przywr\u00f3ci\u0107 ambitne cele dotycz\u0105ce poziomu recyklingu i kwestii sk\u0142adowania odpad\u00f3w, kt\u00f3re Komisja Europejska proponowa\u0142a ju\u017c trzy lata temu.<\/p>\n<\/blockquote>\n\n\n<style>.wp-block-kadence-advancedheading.kt-adv-heading3538_4df51e-75, .wp-block-kadence-advancedheading.kt-adv-heading3538_4df51e-75[data-kb-block=\"kb-adv-heading3538_4df51e-75\"]{font-style:normal;}.wp-block-kadence-advancedheading.kt-adv-heading3538_4df51e-75 mark.kt-highlight, .wp-block-kadence-advancedheading.kt-adv-heading3538_4df51e-75[data-kb-block=\"kb-adv-heading3538_4df51e-75\"] mark.kt-highlight{font-style:normal;color:#f76a0c;-webkit-box-decoration-break:clone;box-decoration-break:clone;padding-top:0px;padding-right:0px;padding-bottom:0px;padding-left:0px;}.wp-block-kadence-advancedheading.kt-adv-heading3538_4df51e-75 img.kb-inline-image, .wp-block-kadence-advancedheading.kt-adv-heading3538_4df51e-75[data-kb-block=\"kb-adv-heading3538_4df51e-75\"] img.kb-inline-image{width:150px;vertical-align:baseline;}<\/style>\n<p class=\"kt-adv-heading3538_4df51e-75 wp-block-kadence-advancedheading has-theme-palette-6-color has-text-color\" data-kb-block=\"kb-adv-heading3538_4df51e-75\">Podczas sesji plenarnej przedstawiono cztery raporty, kt\u00f3re zostan\u0105 wykorzystane podczas negocjacji Parlamentu z Rad\u0105 Unii Europejskiej. Ta ostatnia nie zaj\u0119\u0142a jeszcze bowiem oficjalnego stanowiska wobec zmian w przepisach \u015brodowiskowych, proponowanych przez KE, dotycz\u0105cych m. in. ustanowienia poziomu recyklingu.<\/p>\n\n\n<style>.wp-block-kadence-advancedheading.kt-adv-heading3538_f862ec-98, .wp-block-kadence-advancedheading.kt-adv-heading3538_f862ec-98[data-kb-block=\"kb-adv-heading3538_f862ec-98\"]{font-style:normal;}.wp-block-kadence-advancedheading.kt-adv-heading3538_f862ec-98 mark.kt-highlight, .wp-block-kadence-advancedheading.kt-adv-heading3538_f862ec-98[data-kb-block=\"kb-adv-heading3538_f862ec-98\"] mark.kt-highlight{font-style:normal;color:#f76a0c;-webkit-box-decoration-break:clone;box-decoration-break:clone;padding-top:0px;padding-right:0px;padding-bottom:0px;padding-left:0px;}.wp-block-kadence-advancedheading.kt-adv-heading3538_f862ec-98 img.kb-inline-image, .wp-block-kadence-advancedheading.kt-adv-heading3538_f862ec-98[data-kb-block=\"kb-adv-heading3538_f862ec-98\"] img.kb-inline-image{width:150px;vertical-align:baseline;}<\/style>\n<p class=\"kt-adv-heading3538_f862ec-98 wp-block-kadence-advancedheading has-theme-palette-6-color has-text-color\" data-kb-block=\"kb-adv-heading3538_f862ec-98\"><strong><strong><strong>Oprac. na podst.\u00a0<a rel=\"noreferrer noopener\" href=\"http:\/\/www.plasticsnews.com\/article\/20170315\/NEWS\/303169999\/european-parliament-setting-big-recycling-targets\" target=\"_blank\">www.plasticsnews.com<\/a><\/strong><\/strong><\/strong><\/p>\n","protected":false},"excerpt":{"rendered":"<p>Das Europ\u00e4ische Parlament stimmte am Dienstag (14.03) f\u00fcr eine Gesetzgebung, die bis 2030 eine EU-weite Recyclingrate f\u00fcr Verpackungsabf\u00e4lle von 70% erreichen soll. Der Entwurf sah urspr\u00fcnglich eine Obergrenze von 80% und Zwischenziele f\u00fcr einzelne Materialien (z.B. Glas, Plastik, Metall, etc.) vor, wobei ein Stichtag f\u00fcr 2025 festgelegt wurde. Auch die Mitglieder des EP unterst\u00fctzten den Plan,...<\/p>","protected":false},"author":1,"featured_media":3540,"comment_status":"open","ping_status":"open","sticky":false,"template":"","format":"standard","meta":{"_acf_changed":false,"_kad_blocks_custom_css":"","_kad_blocks_head_custom_js":"","_kad_blocks_body_custom_js":"","_kad_blocks_footer_custom_js":"","_kad_post_transparent":"","_kad_post_title":"","_kad_post_layout":"","_kad_post_sidebar_id":"","_kad_post_content_style":"","_kad_post_vertical_padding":"","_kad_post_feature":"default","_kad_post_feature_position":"","_kad_post_header":false,"_kad_post_footer":false,"_kad_post_classname":"","footnotes":""},"categories":[15],"tags":[],"class_list":["post-3538","post","type-post","status-publish","format-standard","has-post-thumbnail","hentry","category-unia-bez-tajemnic"],"acf":[],"yoast_head":"<!-- This site is optimized with the Yoast SEO plugin v27.4 - https:\/\/yoast.com\/product\/yoast-seo-wordpress\/ -->\n<title>Parlament Europejski wysoko stawia poprzeczk\u0119 - EKOlogistyka24 - przew\u00f3z odpad\u00f3w i pozwolenia na transport<\/title>\n<meta name=\"robots\" content=\"index, follow, max-snippet:-1, max-image-preview:large, max-video-preview:-1\" \/>\n<link rel=\"canonical\" href=\"https:\/\/ekologistyka24.pl\/de\/das-europaische-parlament-legt-die-messlatte-hoch\/\" \/>\n<meta property=\"og:locale\" content=\"de_DE\" \/>\n<meta property=\"og:type\" content=\"article\" \/>\n<meta property=\"og:title\" content=\"Parlament Europejski wysoko stawia poprzeczk\u0119 - EKOlogistyka24 - przew\u00f3z odpad\u00f3w i pozwolenia na transport\" \/>\n<meta property=\"og:description\" content=\"Parlament Europejski g\u0142osowa\u0142 we wtorek (14.03) za przyj\u0119ciem przepis\u00f3w, wed\u0142ug kt\u00f3rych do 2030 roku w ca\u0142ej UE osi\u0105gni\u0119ty ma zosta\u0107 wska\u017anik recyklingu odpad\u00f3w opakowaniowych na poziomie 70%. Pocz\u0105tkowo projekt zak\u0142ada\u0142 pu\u0142ap 80% oraz tymczasowe cele dla poszczeg\u00f3lnych materia\u0142\u00f3w (tj. szk\u0142a, plastiku, metalu itd.) z dat\u0105 graniczn\u0105 ustanowion\u0105 na 2025 rok. Cz\u0142onkowie PE poparli tak\u017ce plan,...\" \/>\n<meta property=\"og:url\" content=\"https:\/\/ekologistyka24.pl\/de\/das-europaische-parlament-legt-die-messlatte-hoch\/\" \/>\n<meta property=\"og:site_name\" content=\"EKOlogistyka24 - przew\u00f3z odpad\u00f3w i pozwolenia na transport\" \/>\n<meta property=\"article:publisher\" content=\"https:\/\/www.facebook.com\/profile.php?id=100058909846099\" \/>\n<meta property=\"article:published_time\" content=\"2023-09-20T10:28:54+00:00\" \/>\n<meta property=\"og:image\" content=\"https:\/\/ekologistyka24.pl\/wp-content\/uploads\/2023\/09\/137.webp\" \/>\n\t<meta property=\"og:image:width\" content=\"720\" \/>\n\t<meta property=\"og:image:height\" content=\"479\" \/>\n\t<meta property=\"og:image:type\" content=\"image\/webp\" \/>\n<meta name=\"author\" content=\"Admin\" \/>\n<meta name=\"twitter:card\" content=\"summary_large_image\" \/>\n<meta name=\"twitter:label1\" content=\"Verfasst von\" \/>\n\t<meta name=\"twitter:data1\" content=\"Admin\" \/>\n\t<meta name=\"twitter:label2\" content=\"Gesch\u00e4tzte Lesezeit\" \/>\n\t<meta name=\"twitter:data2\" content=\"1\u00a0Minute\" \/>\n<script type=\"application\/ld+json\" class=\"yoast-schema-graph\">{\"@context\":\"https:\\\/\\\/schema.org\",\"@graph\":[{\"@type\":\"Article\",\"@id\":\"https:\\\/\\\/ekologistyka24.pl\\\/parlament-europejski-wysoko-stawia-poprzeczke\\\/#article\",\"isPartOf\":{\"@id\":\"https:\\\/\\\/ekologistyka24.pl\\\/parlament-europejski-wysoko-stawia-poprzeczke\\\/\"},\"author\":{\"name\":\"Admin\",\"@id\":\"https:\\\/\\\/ekologistyka24.pl\\\/#\\\/schema\\\/person\\\/aa9acc9b3c583ce45bd2fbeb7e4aca37\"},\"headline\":\"Parlament Europejski wysoko stawia poprzeczk\u0119\",\"datePublished\":\"2023-09-20T10:28:54+00:00\",\"mainEntityOfPage\":{\"@id\":\"https:\\\/\\\/ekologistyka24.pl\\\/parlament-europejski-wysoko-stawia-poprzeczke\\\/\"},\"wordCount\":228,\"commentCount\":0,\"publisher\":{\"@id\":\"https:\\\/\\\/ekologistyka24.pl\\\/#organization\"},\"image\":{\"@id\":\"https:\\\/\\\/ekologistyka24.pl\\\/parlament-europejski-wysoko-stawia-poprzeczke\\\/#primaryimage\"},\"thumbnailUrl\":\"https:\\\/\\\/ekologistyka24.pl\\\/wp-content\\\/uploads\\\/2023\\\/09\\\/137.webp\",\"articleSection\":[\"Unia bez tajemnic\"],\"inLanguage\":\"de\",\"potentialAction\":[{\"@type\":\"CommentAction\",\"name\":\"Comment\",\"target\":[\"https:\\\/\\\/ekologistyka24.pl\\\/parlament-europejski-wysoko-stawia-poprzeczke\\\/#respond\"]}]},{\"@type\":\"WebPage\",\"@id\":\"https:\\\/\\\/ekologistyka24.pl\\\/parlament-europejski-wysoko-stawia-poprzeczke\\\/\",\"url\":\"https:\\\/\\\/ekologistyka24.pl\\\/parlament-europejski-wysoko-stawia-poprzeczke\\\/\",\"name\":\"Parlament Europejski wysoko stawia poprzeczk\u0119 - EKOlogistyka24 - przew\u00f3z odpad\u00f3w i pozwolenia na transport\",\"isPartOf\":{\"@id\":\"https:\\\/\\\/ekologistyka24.pl\\\/#website\"},\"primaryImageOfPage\":{\"@id\":\"https:\\\/\\\/ekologistyka24.pl\\\/parlament-europejski-wysoko-stawia-poprzeczke\\\/#primaryimage\"},\"image\":{\"@id\":\"https:\\\/\\\/ekologistyka24.pl\\\/parlament-europejski-wysoko-stawia-poprzeczke\\\/#primaryimage\"},\"thumbnailUrl\":\"https:\\\/\\\/ekologistyka24.pl\\\/wp-content\\\/uploads\\\/2023\\\/09\\\/137.webp\",\"datePublished\":\"2023-09-20T10:28:54+00:00\",\"inLanguage\":\"de\",\"potentialAction\":[{\"@type\":\"ReadAction\",\"target\":[\"https:\\\/\\\/ekologistyka24.pl\\\/parlament-europejski-wysoko-stawia-poprzeczke\\\/\"]}]},{\"@type\":\"ImageObject\",\"inLanguage\":\"de\",\"@id\":\"https:\\\/\\\/ekologistyka24.pl\\\/parlament-europejski-wysoko-stawia-poprzeczke\\\/#primaryimage\",\"url\":\"https:\\\/\\\/ekologistyka24.pl\\\/wp-content\\\/uploads\\\/2023\\\/09\\\/137.webp\",\"contentUrl\":\"https:\\\/\\\/ekologistyka24.pl\\\/wp-content\\\/uploads\\\/2023\\\/09\\\/137.webp\",\"width\":720,\"height\":479},{\"@type\":\"WebSite\",\"@id\":\"https:\\\/\\\/ekologistyka24.pl\\\/#website\",\"url\":\"https:\\\/\\\/ekologistyka24.pl\\\/\",\"name\":\"EKOlogistyka24 - przew\u00f3z odpad\u00f3w i pozwolenia na transport\",\"description\":\"\",\"publisher\":{\"@id\":\"https:\\\/\\\/ekologistyka24.pl\\\/#organization\"},\"potentialAction\":[{\"@type\":\"SearchAction\",\"target\":{\"@type\":\"EntryPoint\",\"urlTemplate\":\"https:\\\/\\\/ekologistyka24.pl\\\/?s={search_term_string}\"},\"query-input\":{\"@type\":\"PropertyValueSpecification\",\"valueRequired\":true,\"valueName\":\"search_term_string\"}}],\"inLanguage\":\"de\"},{\"@type\":\"Organization\",\"@id\":\"https:\\\/\\\/ekologistyka24.pl\\\/#organization\",\"name\":\"EKOlogistyka24 - przew\u00f3z odpad\u00f3w i pozwolenia na transport\",\"url\":\"https:\\\/\\\/ekologistyka24.pl\\\/\",\"logo\":{\"@type\":\"ImageObject\",\"inLanguage\":\"de\",\"@id\":\"https:\\\/\\\/ekologistyka24.pl\\\/#\\\/schema\\\/logo\\\/image\\\/\",\"url\":\"https:\\\/\\\/ekologistyka24.pl\\\/wp-content\\\/uploads\\\/2023\\\/08\\\/logo.png\",\"contentUrl\":\"https:\\\/\\\/ekologistyka24.pl\\\/wp-content\\\/uploads\\\/2023\\\/08\\\/logo.png\",\"width\":220,\"height\":90,\"caption\":\"EKOlogistyka24 - przew\u00f3z odpad\u00f3w i pozwolenia na transport\"},\"image\":{\"@id\":\"https:\\\/\\\/ekologistyka24.pl\\\/#\\\/schema\\\/logo\\\/image\\\/\"},\"sameAs\":[\"https:\\\/\\\/www.facebook.com\\\/profile.php?id=100058909846099\"]},{\"@type\":\"Person\",\"@id\":\"https:\\\/\\\/ekologistyka24.pl\\\/#\\\/schema\\\/person\\\/aa9acc9b3c583ce45bd2fbeb7e4aca37\",\"name\":\"Admin\",\"image\":{\"@type\":\"ImageObject\",\"inLanguage\":\"de\",\"@id\":\"https:\\\/\\\/ekologistyka24.pl\\\/wp-content\\\/litespeed\\\/avatar\\\/5e772ca5311e5fa4d0390e7dd7b25d4f.jpg?ver=1777060035\",\"url\":\"https:\\\/\\\/ekologistyka24.pl\\\/wp-content\\\/litespeed\\\/avatar\\\/5e772ca5311e5fa4d0390e7dd7b25d4f.jpg?ver=1777060035\",\"contentUrl\":\"https:\\\/\\\/ekologistyka24.pl\\\/wp-content\\\/litespeed\\\/avatar\\\/5e772ca5311e5fa4d0390e7dd7b25d4f.jpg?ver=1777060035\",\"caption\":\"Admin\"},\"sameAs\":[\"http:\\\/\\\/ekologistyka24.pl\"],\"url\":\"https:\\\/\\\/ekologistyka24.pl\\\/de\\\/author\\\/3xyotbf8kl6qprapd1pj3woyxeb2pu\\\/\"}]}<\/script>\n<!-- \/ Yoast SEO plugin. -->","yoast_head_json":{"title":"Europ\u00e4isches Parlament legt die Messlatte hoch - EKOlogistics24 - Abfalltransport und Transportgenehmigungen","robots":{"index":"index","follow":"follow","max-snippet":"max-snippet:-1","max-image-preview":"max-image-preview:large","max-video-preview":"max-video-preview:-1"},"canonical":"https:\/\/ekologistyka24.pl\/de\/das-europaische-parlament-legt-die-messlatte-hoch\/","og_locale":"de_DE","og_type":"article","og_title":"Parlament Europejski wysoko stawia poprzeczk\u0119 - EKOlogistyka24 - przew\u00f3z odpad\u00f3w i pozwolenia na transport","og_description":"Parlament Europejski g\u0142osowa\u0142 we wtorek (14.03) za przyj\u0119ciem przepis\u00f3w, wed\u0142ug kt\u00f3rych do 2030 roku w ca\u0142ej UE osi\u0105gni\u0119ty ma zosta\u0107 wska\u017anik recyklingu odpad\u00f3w opakowaniowych na poziomie 70%. Pocz\u0105tkowo projekt zak\u0142ada\u0142 pu\u0142ap 80% oraz tymczasowe cele dla poszczeg\u00f3lnych materia\u0142\u00f3w (tj. szk\u0142a, plastiku, metalu itd.) z dat\u0105 graniczn\u0105 ustanowion\u0105 na 2025 rok. Cz\u0142onkowie PE poparli tak\u017ce plan,...","og_url":"https:\/\/ekologistyka24.pl\/de\/das-europaische-parlament-legt-die-messlatte-hoch\/","og_site_name":"EKOlogistyka24 - przew\u00f3z odpad\u00f3w i pozwolenia na transport","article_publisher":"https:\/\/www.facebook.com\/profile.php?id=100058909846099","article_published_time":"2023-09-20T10:28:54+00:00","og_image":[{"width":720,"height":479,"url":"https:\/\/ekologistyka24.pl\/wp-content\/uploads\/2023\/09\/137.webp","type":"image\/webp"}],"author":"Admin","twitter_card":"summary_large_image","twitter_misc":{"Verfasst von":"Admin","Gesch\u00e4tzte Lesezeit":"1\u00a0Minute"},"schema":{"@context":"https:\/\/schema.org","@graph":[{"@type":"Article","@id":"https:\/\/ekologistyka24.pl\/parlament-europejski-wysoko-stawia-poprzeczke\/#article","isPartOf":{"@id":"https:\/\/ekologistyka24.pl\/parlament-europejski-wysoko-stawia-poprzeczke\/"},"author":{"name":"Admin","@id":"https:\/\/ekologistyka24.pl\/#\/schema\/person\/aa9acc9b3c583ce45bd2fbeb7e4aca37"},"headline":"Parlament Europejski wysoko stawia poprzeczk\u0119","datePublished":"2023-09-20T10:28:54+00:00","mainEntityOfPage":{"@id":"https:\/\/ekologistyka24.pl\/parlament-europejski-wysoko-stawia-poprzeczke\/"},"wordCount":228,"commentCount":0,"publisher":{"@id":"https:\/\/ekologistyka24.pl\/#organization"},"image":{"@id":"https:\/\/ekologistyka24.pl\/parlament-europejski-wysoko-stawia-poprzeczke\/#primaryimage"},"thumbnailUrl":"https:\/\/ekologistyka24.pl\/wp-content\/uploads\/2023\/09\/137.webp","articleSection":["Unia bez tajemnic"],"inLanguage":"de","potentialAction":[{"@type":"CommentAction","name":"Comment","target":["https:\/\/ekologistyka24.pl\/parlament-europejski-wysoko-stawia-poprzeczke\/#respond"]}]},{"@type":"WebPage","@id":"https:\/\/ekologistyka24.pl\/parlament-europejski-wysoko-stawia-poprzeczke\/","url":"https:\/\/ekologistyka24.pl\/parlament-europejski-wysoko-stawia-poprzeczke\/","name":"Europ\u00e4isches Parlament legt die Messlatte hoch - EKOlogistics24 - Abfalltransport und Transportgenehmigungen","isPartOf":{"@id":"https:\/\/ekologistyka24.pl\/#website"},"primaryImageOfPage":{"@id":"https:\/\/ekologistyka24.pl\/parlament-europejski-wysoko-stawia-poprzeczke\/#primaryimage"},"image":{"@id":"https:\/\/ekologistyka24.pl\/parlament-europejski-wysoko-stawia-poprzeczke\/#primaryimage"},"thumbnailUrl":"https:\/\/ekologistyka24.pl\/wp-content\/uploads\/2023\/09\/137.webp","datePublished":"2023-09-20T10:28:54+00:00","inLanguage":"de","potentialAction":[{"@type":"ReadAction","target":["https:\/\/ekologistyka24.pl\/parlament-europejski-wysoko-stawia-poprzeczke\/"]}]},{"@type":"ImageObject","inLanguage":"de","@id":"https:\/\/ekologistyka24.pl\/parlament-europejski-wysoko-stawia-poprzeczke\/#primaryimage","url":"https:\/\/ekologistyka24.pl\/wp-content\/uploads\/2023\/09\/137.webp","contentUrl":"https:\/\/ekologistyka24.pl\/wp-content\/uploads\/2023\/09\/137.webp","width":720,"height":479},{"@type":"WebSite","@id":"https:\/\/ekologistyka24.pl\/#website","url":"https:\/\/ekologistyka24.pl\/","name":"EKOlogistics24 - Abfalltransport und Transportgenehmigungen","description":"","publisher":{"@id":"https:\/\/ekologistyka24.pl\/#organization"},"potentialAction":[{"@type":"SearchAction","target":{"@type":"EntryPoint","urlTemplate":"https:\/\/ekologistyka24.pl\/?s={search_term_string}"},"query-input":{"@type":"PropertyValueSpecification","valueRequired":true,"valueName":"search_term_string"}}],"inLanguage":"de"},{"@type":"Organization","@id":"https:\/\/ekologistyka24.pl\/#organization","name":"EKOlogistics24 - Abfalltransport und Transportgenehmigungen","url":"https:\/\/ekologistyka24.pl\/","logo":{"@type":"ImageObject","inLanguage":"de","@id":"https:\/\/ekologistyka24.pl\/#\/schema\/logo\/image\/","url":"https:\/\/ekologistyka24.pl\/wp-content\/uploads\/2023\/08\/logo.png","contentUrl":"https:\/\/ekologistyka24.pl\/wp-content\/uploads\/2023\/08\/logo.png","width":220,"height":90,"caption":"EKOlogistyka24 - przew\u00f3z odpad\u00f3w i pozwolenia na transport"},"image":{"@id":"https:\/\/ekologistyka24.pl\/#\/schema\/logo\/image\/"},"sameAs":["https:\/\/www.facebook.com\/profile.php?id=100058909846099"]},{"@type":"Person","@id":"https:\/\/ekologistyka24.pl\/#\/schema\/person\/aa9acc9b3c583ce45bd2fbeb7e4aca37","name":"Verwaltung","image":{"@type":"ImageObject","inLanguage":"de","@id":"https:\/\/ekologistyka24.pl\/wp-content\/litespeed\/avatar\/5e772ca5311e5fa4d0390e7dd7b25d4f.jpg?ver=1777060035","url":"https:\/\/ekologistyka24.pl\/wp-content\/litespeed\/avatar\/5e772ca5311e5fa4d0390e7dd7b25d4f.jpg?ver=1777060035","contentUrl":"https:\/\/ekologistyka24.pl\/wp-content\/litespeed\/avatar\/5e772ca5311e5fa4d0390e7dd7b25d4f.jpg?ver=1777060035","caption":"Admin"},"sameAs":["http:\/\/ekologistyka24.pl"],"url":"https:\/\/ekologistyka24.pl\/de\/author\/3xyotbf8kl6qprapd1pj3woyxeb2pu\/"}]}},"taxonomy_info":{"category":[{"value":15,"label":"Unia bez tajemnic"}]},"featured_image_src_large":["https:\/\/ekologistyka24.pl\/wp-content\/uploads\/2023\/09\/137.webp",720,479,false],"author_info":{"display_name":"Admin","author_link":"https:\/\/ekologistyka24.pl\/de\/author\/3xyotbf8kl6qprapd1pj3woyxeb2pu\/"},"comment_info":0,"category_info":[{"term_id":15,"name":"Unia bez tajemnic","slug":"unia-bez-tajemnic","term_group":0,"term_taxonomy_id":15,"taxonomy":"category","description":"","parent":0,"count":13,"filter":"raw","cat_ID":15,"category_count":13,"category_description":"","cat_name":"Unia bez tajemnic","category_nicename":"unia-bez-tajemnic","category_parent":0}],"tag_info":false,"_links":{"self":[{"href":"https:\/\/ekologistyka24.pl\/de\/wp-json\/wp\/v2\/posts\/3538","targetHints":{"allow":["GET"]}}],"collection":[{"href":"https:\/\/ekologistyka24.pl\/de\/wp-json\/wp\/v2\/posts"}],"about":[{"href":"https:\/\/ekologistyka24.pl\/de\/wp-json\/wp\/v2\/types\/post"}],"author":[{"embeddable":true,"href":"https:\/\/ekologistyka24.pl\/de\/wp-json\/wp\/v2\/users\/1"}],"replies":[{"embeddable":true,"href":"https:\/\/ekologistyka24.pl\/de\/wp-json\/wp\/v2\/comments?post=3538"}],"version-history":[{"count":0,"href":"https:\/\/ekologistyka24.pl\/de\/wp-json\/wp\/v2\/posts\/3538\/revisions"}],"wp:featuredmedia":[{"embeddable":true,"href":"https:\/\/ekologistyka24.pl\/de\/wp-json\/wp\/v2\/media\/3540"}],"wp:attachment":[{"href":"https:\/\/ekologistyka24.pl\/de\/wp-json\/wp\/v2\/media?parent=3538"}],"wp:term":[{"taxonomy":"category","embeddable":true,"href":"https:\/\/ekologistyka24.pl\/de\/wp-json\/wp\/v2\/categories?post=3538"},{"taxonomy":"post_tag","embeddable":true,"href":"https:\/\/ekologistyka24.pl\/de\/wp-json\/wp\/v2\/tags?post=3538"}],"curies":[{"name":"wp","href":"https:\/\/api.w.org\/{rel}","templated":true}]}}