{"id":3558,"date":"2023-09-22T11:37:12","date_gmt":"2023-09-22T09:37:12","guid":{"rendered":"https:\/\/ekologistyka24.pl\/?p=3558"},"modified":"2023-12-05T10:58:42","modified_gmt":"2023-12-05T09:58:42","slug":"deutschland-ist-fuhrend-im-abfallrecycling","status":"publish","type":"post","link":"https:\/\/ekologistyka24.pl\/de\/niemcy-w-czolowce-panstw-pod-wzgledem-recyklingu-odpadow\/","title":{"rendered":"Deutschland ist Vorreiter beim Abfallrecycling"},"content":{"rendered":"\n<h2 class=\"wp-block-heading\" style=\"font-size:25px\"><strong><strong><strong>W Polsce coraz wi\u0119cej odpad\u00f3w poddawanych jest recyklingowi. Wci\u0105\u017c jednak d\u0142uga droga przed nami je\u015bli chcemy by\u0107 jak nasi zachodni s\u0105siedzi, kt\u00f3rzy od dobrych kilku lat wiod\u0105 prym w\u015br\u00f3d kraj\u00f3w europejskich pod wzgl\u0119dem przetwarzania odpad\u00f3w.<\/strong><\/strong><\/strong><\/h2>\n\n\n\n<p class=\"has-theme-palette-7-background-color has-background\"><strong>Chcesz przewie\u017a\u0107 odpady do recyklingu w Niemczech? Skontaktuj si\u0119 z nami w sprawie stosownego pozwolenia:\u00a0<br><a href=\"mailto:e.nadolna@ekologistyka24.pl\">e.nadolna@ekologistyka24.pl\u00a0<\/a>,\u00a0<a href=\"tel:+48881045376\">+48<\/a>\u00a0<a href=\"tel:+48881045376\">881 045 376<\/a><br><a href=\"mailto:j.blazewicz@ekologistyka24.pl\">j.blazewicz@ekologistyka24.pl\u00a0<\/a>,\u00a0<a href=\"tel:+48500867153\">+48 500 867 153<\/a><\/strong><\/p>\n\n\n<style>.wp-block-kadence-advancedheading.kt-adv-heading3558_16c47e-be, .wp-block-kadence-advancedheading.kt-adv-heading3558_16c47e-be[data-kb-block=\"kb-adv-heading3558_16c47e-be\"]{font-style:normal;}.wp-block-kadence-advancedheading.kt-adv-heading3558_16c47e-be mark.kt-highlight, .wp-block-kadence-advancedheading.kt-adv-heading3558_16c47e-be[data-kb-block=\"kb-adv-heading3558_16c47e-be\"] mark.kt-highlight{font-style:normal;color:#f76a0c;-webkit-box-decoration-break:clone;box-decoration-break:clone;padding-top:0px;padding-right:0px;padding-bottom:0px;padding-left:0px;}.wp-block-kadence-advancedheading.kt-adv-heading3558_16c47e-be img.kb-inline-image, .wp-block-kadence-advancedheading.kt-adv-heading3558_16c47e-be[data-kb-block=\"kb-adv-heading3558_16c47e-be\"] img.kb-inline-image{width:150px;vertical-align:baseline;}<\/style>\n<p class=\"kt-adv-heading3558_16c47e-be wp-block-kadence-advancedheading has-theme-palette-6-color has-text-color\" data-kb-block=\"kb-adv-heading3558_16c47e-be\">M\u00f3wi\u0105c o Niemcach, od razu na my\u015bl przychodz\u0105 skojarzenia z porz\u0105dkiem, dok\u0142adno\u015bci\u0105 i sumienno\u015bci\u0105 (konotacje historyczne pomijamy). W latach 80-tych ubieg\u0142ego stulecia ma\u0142o kt\u00f3ry mieszkaniec kraju po zachodniej stronie Odry my\u015bla\u0142 o tym, by segregowa\u0107 odpady, nie wspominaj\u0105c o ich recyklingu. Kiedy jednak uzmys\u0142owili sobie jak du\u017cy wp\u0142yw ma ich post\u0119powanie na \u015brodowisko naturalne, zmienili si\u0119 o 180o. Pod koniec lat 90-tych utworzono Der Gr\u00fcne Punkt, czyli tzw. Zielon\u0105 Kropk\u0119 \u2013 system, kt\u00f3ry zmieni\u0142 podej\u015bcie do odpad\u00f3w opakowaniowych.<\/p>\n\n\n<style>.kb-image3558_43f3c2-54 .kb-image-has-overlay:after{opacity:0.3;}<\/style>\n<div class=\"wp-block-kadence-image kb-image3558_43f3c2-54\"><figure class=\"aligncenter size-full\"><img loading=\"lazy\" decoding=\"async\" width=\"234\" height=\"215\" src=\"https:\/\/ekologistyka24.pl\/wp-content\/uploads\/2023\/09\/141.webp\" alt=\"Niemcy w czo\u0142\u00f3wce pa\u0144stw pod wzgl\u0119dem recyklingu odpad\u00f3w\" class=\"kb-img wp-image-3561\"\/><\/figure><\/div>\n\n\n<style>.wp-block-kadence-advancedheading.kt-adv-heading3558_ce1c07-3c, .wp-block-kadence-advancedheading.kt-adv-heading3558_ce1c07-3c[data-kb-block=\"kb-adv-heading3558_ce1c07-3c\"]{font-style:normal;}.wp-block-kadence-advancedheading.kt-adv-heading3558_ce1c07-3c mark.kt-highlight, .wp-block-kadence-advancedheading.kt-adv-heading3558_ce1c07-3c[data-kb-block=\"kb-adv-heading3558_ce1c07-3c\"] mark.kt-highlight{font-style:normal;color:#f76a0c;-webkit-box-decoration-break:clone;box-decoration-break:clone;padding-top:0px;padding-right:0px;padding-bottom:0px;padding-left:0px;}.wp-block-kadence-advancedheading.kt-adv-heading3558_ce1c07-3c img.kb-inline-image, .wp-block-kadence-advancedheading.kt-adv-heading3558_ce1c07-3c[data-kb-block=\"kb-adv-heading3558_ce1c07-3c\"] img.kb-inline-image{width:150px;vertical-align:baseline;}<\/style>\n<p class=\"kt-adv-heading3558_ce1c07-3c wp-block-kadence-advancedheading has-theme-palette-6-color has-text-color\" data-kb-block=\"kb-adv-heading3558_ce1c07-3c\">Przynajmniej dla konsument\u00f3w, bo producenci opakowa\u0144 musieli p\u0142aci\u0107 za umieszczenie charakterystycznego znaczka na wytwarzanych produktach. Tym wi\u0119cej, im wi\u0119ksze by\u0142o opakowanie. Jak mo\u017cna si\u0119 by\u0142o spodziewa\u0107, pocz\u0105tkowo nie byli z tego faktu zadowoleni.<\/p>\n\n\n<style>.wp-block-kadence-advancedheading.kt-adv-heading3558_d2a922-2b, .wp-block-kadence-advancedheading.kt-adv-heading3558_d2a922-2b[data-kb-block=\"kb-adv-heading3558_d2a922-2b\"]{font-style:normal;}.wp-block-kadence-advancedheading.kt-adv-heading3558_d2a922-2b mark.kt-highlight, .wp-block-kadence-advancedheading.kt-adv-heading3558_d2a922-2b[data-kb-block=\"kb-adv-heading3558_d2a922-2b\"] mark.kt-highlight{font-style:normal;color:#f76a0c;-webkit-box-decoration-break:clone;box-decoration-break:clone;padding-top:0px;padding-right:0px;padding-bottom:0px;padding-left:0px;}.wp-block-kadence-advancedheading.kt-adv-heading3558_d2a922-2b img.kb-inline-image, .wp-block-kadence-advancedheading.kt-adv-heading3558_d2a922-2b[data-kb-block=\"kb-adv-heading3558_d2a922-2b\"] img.kb-inline-image{width:150px;vertical-align:baseline;}<\/style>\n<p class=\"kt-adv-heading3558_d2a922-2b wp-block-kadence-advancedheading has-theme-palette-6-color has-text-color\" data-kb-block=\"kb-adv-heading3558_d2a922-2b\">System Zielonej kropki przyczyni\u0142 si\u0119 do tego, \u017ce zacz\u0119to produkowa\u0107 &nbsp;mniej opakowa\u0144 papierowych i metalowych natomiast szklane wytwarzane by\u0142y z cie\u0144szego szk\u0142a. Nie mog\u0142oby si\u0119 to jednak uda\u0107 bez zmiany \u015bwiadomo\u015bci spo\u0142ecze\u0144stwa i uwra\u017cliwienia go na otaczaj\u0105ce je \u015brodowisko.<\/p>\n\n\n<style>.wp-block-kadence-advancedheading.kt-adv-heading3558_e721cf-e2, .wp-block-kadence-advancedheading.kt-adv-heading3558_e721cf-e2[data-kb-block=\"kb-adv-heading3558_e721cf-e2\"]{font-style:normal;}.wp-block-kadence-advancedheading.kt-adv-heading3558_e721cf-e2 mark.kt-highlight, .wp-block-kadence-advancedheading.kt-adv-heading3558_e721cf-e2[data-kb-block=\"kb-adv-heading3558_e721cf-e2\"] mark.kt-highlight{font-style:normal;color:#f76a0c;-webkit-box-decoration-break:clone;box-decoration-break:clone;padding-top:0px;padding-right:0px;padding-bottom:0px;padding-left:0px;}.wp-block-kadence-advancedheading.kt-adv-heading3558_e721cf-e2 img.kb-inline-image, .wp-block-kadence-advancedheading.kt-adv-heading3558_e721cf-e2[data-kb-block=\"kb-adv-heading3558_e721cf-e2\"] img.kb-inline-image{width:150px;vertical-align:baseline;}<\/style>\n<p class=\"kt-adv-heading3558_e721cf-e2 wp-block-kadence-advancedheading has-theme-palette-6-color has-text-color\" data-kb-block=\"kb-adv-heading3558_e721cf-e2\">Niedawno&nbsp;<a rel=\"noreferrer noopener\" href=\"http:\/\/www.nytimes.com\/2016\/11\/28\/world\/what-in-the-world\/germany-gleefully-leads-list-of-worlds-top-recyclers.html?rref=collection%2Ftimestopic%2FWaste%20Materials%20and%20Disposal\" target=\"_blank\">jeden z najwi\u0119kszych periodyk\u00f3w ameryka\u0144skich<\/a>&nbsp;podj\u0105\u0142 kwesti\u0119 recyklingu w wykonaniu niemieckim. Powo\u0142uj\u0105c si\u0119 na dane Organizacji na Rzecz Wsp\u00f3\u0142pracy Gospodarczej i Rozwoju (OECD) Melissa Eddy zwr\u00f3ci\u0142a uwag\u0119, \u017ce blisko 65% odpad\u00f3w jest tam sortowanych w celu utylizacji lub dalszego przetworzenia. Tu\u017c za Niemcami plasuje si\u0119 Korea Po\u0142udniowa z wynikiem 59% odpad\u00f3w i Stany Zjednoczone z 35%.<\/p>\n\n\n<style>.wp-block-kadence-advancedheading.kt-adv-heading3558_3772f7-3c, .wp-block-kadence-advancedheading.kt-adv-heading3558_3772f7-3c[data-kb-block=\"kb-adv-heading3558_3772f7-3c\"]{font-style:normal;}.wp-block-kadence-advancedheading.kt-adv-heading3558_3772f7-3c mark.kt-highlight, .wp-block-kadence-advancedheading.kt-adv-heading3558_3772f7-3c[data-kb-block=\"kb-adv-heading3558_3772f7-3c\"] mark.kt-highlight{font-style:normal;color:#f76a0c;-webkit-box-decoration-break:clone;box-decoration-break:clone;padding-top:0px;padding-right:0px;padding-bottom:0px;padding-left:0px;}.wp-block-kadence-advancedheading.kt-adv-heading3558_3772f7-3c img.kb-inline-image, .wp-block-kadence-advancedheading.kt-adv-heading3558_3772f7-3c[data-kb-block=\"kb-adv-heading3558_3772f7-3c\"] img.kb-inline-image{width:150px;vertical-align:baseline;}<\/style>\n<p class=\"kt-adv-heading3558_3772f7-3c wp-block-kadence-advancedheading has-theme-palette-6-color has-text-color\" data-kb-block=\"kb-adv-heading3558_3772f7-3c\">Dla por\u00f3wnania dziennikarka zestawi\u0142a te liczby z 99% w Turcji. Tyle \u017ce tam liczba ta wskazuje ilo\u015b\u0107 odpad\u00f3w, jakie trafiaj\u0105 na wysypiska i nie s\u0105 poddawane procesowi recyklingu.<\/p>\n\n\n<style>.wp-block-kadence-advancedheading.kt-adv-heading3558_671ba8-ef, .wp-block-kadence-advancedheading.kt-adv-heading3558_671ba8-ef[data-kb-block=\"kb-adv-heading3558_671ba8-ef\"]{font-style:normal;}.wp-block-kadence-advancedheading.kt-adv-heading3558_671ba8-ef mark.kt-highlight, .wp-block-kadence-advancedheading.kt-adv-heading3558_671ba8-ef[data-kb-block=\"kb-adv-heading3558_671ba8-ef\"] mark.kt-highlight{font-style:normal;color:#f76a0c;-webkit-box-decoration-break:clone;box-decoration-break:clone;padding-top:0px;padding-right:0px;padding-bottom:0px;padding-left:0px;}.wp-block-kadence-advancedheading.kt-adv-heading3558_671ba8-ef img.kb-inline-image, .wp-block-kadence-advancedheading.kt-adv-heading3558_671ba8-ef[data-kb-block=\"kb-adv-heading3558_671ba8-ef\"] img.kb-inline-image{width:150px;vertical-align:baseline;}<\/style>\n<p class=\"kt-adv-heading3558_671ba8-ef wp-block-kadence-advancedheading has-theme-palette-6-color has-text-color\" data-kb-block=\"kb-adv-heading3558_671ba8-ef\">Jednak nie jest tak do ko\u0144ca r\u00f3\u017cowo. Nawet u naszych zachodnich s\u0105siad\u00f3w zdarzaj\u0105 si\u0119 bowiem \u201erecyklingowi rebelianci\u201d, kt\u00f3rzy zamiast wrzuca\u0107 \u015bmieci do koszy na poszczeg\u00f3lne rodzaje odpad\u00f3w, wyrzucaj\u0105 je do pojemnik\u00f3w na odpady og\u00f3lne, drwi\u0105c z s\u0105siad\u00f3w, kt\u00f3rzy post\u0119puj\u0105 w\u0142a\u015bciwie.<\/p>\n\n\n<style>.wp-block-kadence-advancedheading.kt-adv-heading3558_9409f0-df, .wp-block-kadence-advancedheading.kt-adv-heading3558_9409f0-df[data-kb-block=\"kb-adv-heading3558_9409f0-df\"]{font-style:normal;}.wp-block-kadence-advancedheading.kt-adv-heading3558_9409f0-df mark.kt-highlight, .wp-block-kadence-advancedheading.kt-adv-heading3558_9409f0-df[data-kb-block=\"kb-adv-heading3558_9409f0-df\"] mark.kt-highlight{font-style:normal;color:#f76a0c;-webkit-box-decoration-break:clone;box-decoration-break:clone;padding-top:0px;padding-right:0px;padding-bottom:0px;padding-left:0px;}.wp-block-kadence-advancedheading.kt-adv-heading3558_9409f0-df img.kb-inline-image, .wp-block-kadence-advancedheading.kt-adv-heading3558_9409f0-df[data-kb-block=\"kb-adv-heading3558_9409f0-df\"] img.kb-inline-image{width:150px;vertical-align:baseline;}<\/style>\n<p class=\"kt-adv-heading3558_9409f0-df wp-block-kadence-advancedheading has-theme-palette-6-color has-text-color\" data-kb-block=\"kb-adv-heading3558_9409f0-df\">Ale to s\u0105 wyj\u0105tki. Inne europejskie kraje jak Austria, Belgia, Szwajcaria czy Szwecja posz\u0142y w \u015blad za Niemcami i teraz tak\u017ce one przetwarzaj\u0105 ponad po\u0142ow\u0119 generowanych odpad\u00f3w. U tych ostatnich \u201ezielona kampania\u201d przynios\u0142a skutek bo kolorowe pojemniki na \u015bmieci mo\u017cna znale\u017a\u0107 w zasadzie wsz\u0119dzie \u2013 w poci\u0105gach i na peronach, na placach, w parkach, w szko\u0142ach, a nawet na stadionach.<\/p>\n\n\n<style>.wp-block-kadence-advancedheading.kt-adv-heading3558_196eb1-d1, .wp-block-kadence-advancedheading.kt-adv-heading3558_196eb1-d1[data-kb-block=\"kb-adv-heading3558_196eb1-d1\"]{font-style:normal;}.wp-block-kadence-advancedheading.kt-adv-heading3558_196eb1-d1 mark.kt-highlight, .wp-block-kadence-advancedheading.kt-adv-heading3558_196eb1-d1[data-kb-block=\"kb-adv-heading3558_196eb1-d1\"] mark.kt-highlight{font-style:normal;color:#f76a0c;-webkit-box-decoration-break:clone;box-decoration-break:clone;padding-top:0px;padding-right:0px;padding-bottom:0px;padding-left:0px;}.wp-block-kadence-advancedheading.kt-adv-heading3558_196eb1-d1 img.kb-inline-image, .wp-block-kadence-advancedheading.kt-adv-heading3558_196eb1-d1[data-kb-block=\"kb-adv-heading3558_196eb1-d1\"] img.kb-inline-image{width:150px;vertical-align:baseline;}<\/style>\n<p class=\"kt-adv-heading3558_196eb1-d1 wp-block-kadence-advancedheading has-theme-palette-6-color has-text-color\" data-kb-block=\"kb-adv-heading3558_196eb1-d1\">Nie nale\u017cy r\u00f3wnie\u017c&nbsp;do rzadko\u015bci sytuacja, w kt\u00f3rej kto\u015b zwraca innej osobie uwag\u0119 gdy ta chce wrzuci\u0107 \u015bmieci do niew\u0142a\u015bciwego pojemnika.<\/p>\n\n\n<style>.wp-block-kadence-advancedheading.kt-adv-heading3558_c0f2dc-e8, .wp-block-kadence-advancedheading.kt-adv-heading3558_c0f2dc-e8[data-kb-block=\"kb-adv-heading3558_c0f2dc-e8\"]{font-style:normal;}.wp-block-kadence-advancedheading.kt-adv-heading3558_c0f2dc-e8 mark.kt-highlight, .wp-block-kadence-advancedheading.kt-adv-heading3558_c0f2dc-e8[data-kb-block=\"kb-adv-heading3558_c0f2dc-e8\"] mark.kt-highlight{font-style:normal;color:#f76a0c;-webkit-box-decoration-break:clone;box-decoration-break:clone;padding-top:0px;padding-right:0px;padding-bottom:0px;padding-left:0px;}.wp-block-kadence-advancedheading.kt-adv-heading3558_c0f2dc-e8 img.kb-inline-image, .wp-block-kadence-advancedheading.kt-adv-heading3558_c0f2dc-e8[data-kb-block=\"kb-adv-heading3558_c0f2dc-e8\"] img.kb-inline-image{width:150px;vertical-align:baseline;}<\/style>\n<p class=\"kt-adv-heading3558_c0f2dc-e8 wp-block-kadence-advancedheading has-theme-palette-6-color has-text-color\" data-kb-block=\"kb-adv-heading3558_c0f2dc-e8\">Wszak porz\u0105dek musi by\u0107.<\/p>\n\n\n<style>.wp-block-kadence-advancedheading.kt-adv-heading3558_fe2c4e-6d, .wp-block-kadence-advancedheading.kt-adv-heading3558_fe2c4e-6d[data-kb-block=\"kb-adv-heading3558_fe2c4e-6d\"]{font-style:normal;}.wp-block-kadence-advancedheading.kt-adv-heading3558_fe2c4e-6d mark.kt-highlight, .wp-block-kadence-advancedheading.kt-adv-heading3558_fe2c4e-6d[data-kb-block=\"kb-adv-heading3558_fe2c4e-6d\"] mark.kt-highlight{font-style:normal;color:#f76a0c;-webkit-box-decoration-break:clone;box-decoration-break:clone;padding-top:0px;padding-right:0px;padding-bottom:0px;padding-left:0px;}.wp-block-kadence-advancedheading.kt-adv-heading3558_fe2c4e-6d img.kb-inline-image, .wp-block-kadence-advancedheading.kt-adv-heading3558_fe2c4e-6d[data-kb-block=\"kb-adv-heading3558_fe2c4e-6d\"] img.kb-inline-image{width:150px;vertical-align:baseline;}<\/style>\n<p class=\"kt-adv-heading3558_fe2c4e-6d wp-block-kadence-advancedheading has-theme-palette-6-color has-text-color\" data-kb-block=\"kb-adv-heading3558_fe2c4e-6d\"><strong>Zdj.&nbsp;<a rel=\"noreferrer noopener\" href=\"http:\/\/www.toptenz.net\/top-10-german-words.php\" target=\"_blank\">toptenz.net<\/a><\/strong><\/p>\n","protected":false},"excerpt":{"rendered":"<p>In Polen wird immer mehr Abfall recycelt. Es ist jedoch noch ein weiter Weg, wenn wir es unseren westlichen Nachbarn gleichtun wollen, die in Sachen Abfallverwertung schon seit einigen Jahren f\u00fchrend in Europa sind. Sie m\u00f6chten Ihre Abf\u00e4lle zur Verwertung nach Deutschland bringen? Kontaktieren Sie uns f\u00fcr die entsprechende Genehmigung: e.nadolna@ekologistyka24.pl , +48 881 045 376j.blazewicz@ekologistyka24.pl , +48 500 867 153...<\/p>","protected":false},"author":1,"featured_media":3560,"comment_status":"open","ping_status":"open","sticky":false,"template":"","format":"standard","meta":{"_acf_changed":false,"_kad_blocks_custom_css":"","_kad_blocks_head_custom_js":"","_kad_blocks_body_custom_js":"","_kad_blocks_footer_custom_js":"","_kad_post_transparent":"","_kad_post_title":"","_kad_post_layout":"","_kad_post_sidebar_id":"","_kad_post_content_style":"","_kad_post_vertical_padding":"","_kad_post_feature":"default","_kad_post_feature_position":"","_kad_post_header":false,"_kad_post_footer":false,"_kad_post_classname":"","footnotes":""},"categories":[3],"tags":[],"class_list":["post-3558","post","type-post","status-publish","format-standard","has-post-thumbnail","hentry","category-eko-swiat"],"acf":[],"yoast_head":"<!-- This site is optimized with the Yoast SEO plugin v27.4 - https:\/\/yoast.com\/product\/yoast-seo-wordpress\/ -->\n<title>Niemcy w czo\u0142\u00f3wce pa\u0144stw pod wzgl\u0119dem recyklingu odpad\u00f3w \u2013 recykling w Niemczech<\/title>\n<meta name=\"description\" content=\"W Polsce coraz wi\u0119cej odpad\u00f3w poddawanych jest recyklingowi. Wci\u0105\u017c jednak d\u0142uga droga przed nami je\u015bli chcemy by\u0107 jak nasi zachodni s\u0105siedzi, kt\u00f3rzy od dobrych kilku lat wiod\u0105 prym w\u015br\u00f3d kraj\u00f3w europejskich pod wzgl\u0119dem przetwarzania odpad\u00f3w.\" \/>\n<meta name=\"robots\" content=\"index, follow, max-snippet:-1, max-image-preview:large, max-video-preview:-1\" \/>\n<link rel=\"canonical\" href=\"https:\/\/ekologistyka24.pl\/de\/deutschland-ist-fuhrend-im-abfallrecycling\/\" \/>\n<meta property=\"og:locale\" content=\"de_DE\" \/>\n<meta property=\"og:type\" content=\"article\" \/>\n<meta property=\"og:title\" content=\"Niemcy w czo\u0142\u00f3wce pa\u0144stw pod wzgl\u0119dem recyklingu odpad\u00f3w \u2013 recykling w Niemczech\" \/>\n<meta property=\"og:description\" content=\"W Polsce coraz wi\u0119cej odpad\u00f3w poddawanych jest recyklingowi. Wci\u0105\u017c jednak d\u0142uga droga przed nami je\u015bli chcemy by\u0107 jak nasi zachodni s\u0105siedzi, kt\u00f3rzy od dobrych kilku lat wiod\u0105 prym w\u015br\u00f3d kraj\u00f3w europejskich pod wzgl\u0119dem przetwarzania odpad\u00f3w.\" \/>\n<meta property=\"og:url\" content=\"https:\/\/ekologistyka24.pl\/de\/deutschland-ist-fuhrend-im-abfallrecycling\/\" \/>\n<meta property=\"og:site_name\" content=\"EKOlogistyka24 - przew\u00f3z odpad\u00f3w i pozwolenia na transport\" \/>\n<meta property=\"article:publisher\" content=\"https:\/\/www.facebook.com\/profile.php?id=100058909846099\" \/>\n<meta property=\"article:published_time\" content=\"2023-09-22T09:37:12+00:00\" \/>\n<meta property=\"article:modified_time\" content=\"2023-12-05T09:58:42+00:00\" \/>\n<meta property=\"og:image\" content=\"https:\/\/ekologistyka24.pl\/wp-content\/uploads\/2023\/09\/140.webp\" \/>\n\t<meta property=\"og:image:width\" content=\"720\" \/>\n\t<meta property=\"og:image:height\" content=\"479\" \/>\n\t<meta property=\"og:image:type\" content=\"image\/webp\" \/>\n<meta name=\"author\" content=\"Admin\" \/>\n<meta name=\"twitter:card\" content=\"summary_large_image\" \/>\n<meta name=\"twitter:label1\" content=\"Verfasst von\" \/>\n\t<meta name=\"twitter:data1\" content=\"Admin\" \/>\n\t<meta name=\"twitter:label2\" content=\"Gesch\u00e4tzte Lesezeit\" \/>\n\t<meta name=\"twitter:data2\" content=\"3\u00a0Minuten\" \/>\n<script type=\"application\/ld+json\" class=\"yoast-schema-graph\">{\"@context\":\"https:\\\/\\\/schema.org\",\"@graph\":[{\"@type\":\"Article\",\"@id\":\"https:\\\/\\\/ekologistyka24.pl\\\/niemcy-w-czolowce-panstw-pod-wzgledem-recyklingu-odpadow\\\/#article\",\"isPartOf\":{\"@id\":\"https:\\\/\\\/ekologistyka24.pl\\\/niemcy-w-czolowce-panstw-pod-wzgledem-recyklingu-odpadow\\\/\"},\"author\":{\"name\":\"Admin\",\"@id\":\"https:\\\/\\\/ekologistyka24.pl\\\/#\\\/schema\\\/person\\\/aa9acc9b3c583ce45bd2fbeb7e4aca37\"},\"headline\":\"Niemcy w czo\u0142\u00f3wce pa\u0144stw pod wzgl\u0119dem recyklingu odpad\u00f3w\",\"datePublished\":\"2023-09-22T09:37:12+00:00\",\"dateModified\":\"2023-12-05T09:58:42+00:00\",\"mainEntityOfPage\":{\"@id\":\"https:\\\/\\\/ekologistyka24.pl\\\/niemcy-w-czolowce-panstw-pod-wzgledem-recyklingu-odpadow\\\/\"},\"wordCount\":528,\"commentCount\":0,\"publisher\":{\"@id\":\"https:\\\/\\\/ekologistyka24.pl\\\/#organization\"},\"image\":{\"@id\":\"https:\\\/\\\/ekologistyka24.pl\\\/niemcy-w-czolowce-panstw-pod-wzgledem-recyklingu-odpadow\\\/#primaryimage\"},\"thumbnailUrl\":\"https:\\\/\\\/ekologistyka24.pl\\\/wp-content\\\/uploads\\\/2023\\\/09\\\/140.webp\",\"articleSection\":[\"Eko \u015awiat\"],\"inLanguage\":\"de\",\"potentialAction\":[{\"@type\":\"CommentAction\",\"name\":\"Comment\",\"target\":[\"https:\\\/\\\/ekologistyka24.pl\\\/niemcy-w-czolowce-panstw-pod-wzgledem-recyklingu-odpadow\\\/#respond\"]}]},{\"@type\":\"WebPage\",\"@id\":\"https:\\\/\\\/ekologistyka24.pl\\\/niemcy-w-czolowce-panstw-pod-wzgledem-recyklingu-odpadow\\\/\",\"url\":\"https:\\\/\\\/ekologistyka24.pl\\\/niemcy-w-czolowce-panstw-pod-wzgledem-recyklingu-odpadow\\\/\",\"name\":\"Niemcy w czo\u0142\u00f3wce pa\u0144stw pod wzgl\u0119dem recyklingu odpad\u00f3w \u2013 recykling w Niemczech\",\"isPartOf\":{\"@id\":\"https:\\\/\\\/ekologistyka24.pl\\\/#website\"},\"primaryImageOfPage\":{\"@id\":\"https:\\\/\\\/ekologistyka24.pl\\\/niemcy-w-czolowce-panstw-pod-wzgledem-recyklingu-odpadow\\\/#primaryimage\"},\"image\":{\"@id\":\"https:\\\/\\\/ekologistyka24.pl\\\/niemcy-w-czolowce-panstw-pod-wzgledem-recyklingu-odpadow\\\/#primaryimage\"},\"thumbnailUrl\":\"https:\\\/\\\/ekologistyka24.pl\\\/wp-content\\\/uploads\\\/2023\\\/09\\\/140.webp\",\"datePublished\":\"2023-09-22T09:37:12+00:00\",\"dateModified\":\"2023-12-05T09:58:42+00:00\",\"description\":\"W Polsce coraz wi\u0119cej odpad\u00f3w poddawanych jest recyklingowi. Wci\u0105\u017c jednak d\u0142uga droga przed nami je\u015bli chcemy by\u0107 jak nasi zachodni s\u0105siedzi, kt\u00f3rzy od dobrych kilku lat wiod\u0105 prym w\u015br\u00f3d kraj\u00f3w europejskich pod wzgl\u0119dem przetwarzania odpad\u00f3w.\",\"inLanguage\":\"de\",\"potentialAction\":[{\"@type\":\"ReadAction\",\"target\":[\"https:\\\/\\\/ekologistyka24.pl\\\/niemcy-w-czolowce-panstw-pod-wzgledem-recyklingu-odpadow\\\/\"]}]},{\"@type\":\"ImageObject\",\"inLanguage\":\"de\",\"@id\":\"https:\\\/\\\/ekologistyka24.pl\\\/niemcy-w-czolowce-panstw-pod-wzgledem-recyklingu-odpadow\\\/#primaryimage\",\"url\":\"https:\\\/\\\/ekologistyka24.pl\\\/wp-content\\\/uploads\\\/2023\\\/09\\\/140.webp\",\"contentUrl\":\"https:\\\/\\\/ekologistyka24.pl\\\/wp-content\\\/uploads\\\/2023\\\/09\\\/140.webp\",\"width\":720,\"height\":479},{\"@type\":\"WebSite\",\"@id\":\"https:\\\/\\\/ekologistyka24.pl\\\/#website\",\"url\":\"https:\\\/\\\/ekologistyka24.pl\\\/\",\"name\":\"EKOlogistyka24 - przew\u00f3z odpad\u00f3w i pozwolenia na transport\",\"description\":\"\",\"publisher\":{\"@id\":\"https:\\\/\\\/ekologistyka24.pl\\\/#organization\"},\"potentialAction\":[{\"@type\":\"SearchAction\",\"target\":{\"@type\":\"EntryPoint\",\"urlTemplate\":\"https:\\\/\\\/ekologistyka24.pl\\\/?s={search_term_string}\"},\"query-input\":{\"@type\":\"PropertyValueSpecification\",\"valueRequired\":true,\"valueName\":\"search_term_string\"}}],\"inLanguage\":\"de\"},{\"@type\":\"Organization\",\"@id\":\"https:\\\/\\\/ekologistyka24.pl\\\/#organization\",\"name\":\"EKOlogistyka24 - przew\u00f3z odpad\u00f3w i pozwolenia na transport\",\"url\":\"https:\\\/\\\/ekologistyka24.pl\\\/\",\"logo\":{\"@type\":\"ImageObject\",\"inLanguage\":\"de\",\"@id\":\"https:\\\/\\\/ekologistyka24.pl\\\/#\\\/schema\\\/logo\\\/image\\\/\",\"url\":\"https:\\\/\\\/ekologistyka24.pl\\\/wp-content\\\/uploads\\\/2023\\\/08\\\/logo.png\",\"contentUrl\":\"https:\\\/\\\/ekologistyka24.pl\\\/wp-content\\\/uploads\\\/2023\\\/08\\\/logo.png\",\"width\":220,\"height\":90,\"caption\":\"EKOlogistyka24 - przew\u00f3z odpad\u00f3w i pozwolenia na transport\"},\"image\":{\"@id\":\"https:\\\/\\\/ekologistyka24.pl\\\/#\\\/schema\\\/logo\\\/image\\\/\"},\"sameAs\":[\"https:\\\/\\\/www.facebook.com\\\/profile.php?id=100058909846099\"]},{\"@type\":\"Person\",\"@id\":\"https:\\\/\\\/ekologistyka24.pl\\\/#\\\/schema\\\/person\\\/aa9acc9b3c583ce45bd2fbeb7e4aca37\",\"name\":\"Admin\",\"image\":{\"@type\":\"ImageObject\",\"inLanguage\":\"de\",\"@id\":\"https:\\\/\\\/ekologistyka24.pl\\\/wp-content\\\/litespeed\\\/avatar\\\/5e772ca5311e5fa4d0390e7dd7b25d4f.jpg?ver=1777060035\",\"url\":\"https:\\\/\\\/ekologistyka24.pl\\\/wp-content\\\/litespeed\\\/avatar\\\/5e772ca5311e5fa4d0390e7dd7b25d4f.jpg?ver=1777060035\",\"contentUrl\":\"https:\\\/\\\/ekologistyka24.pl\\\/wp-content\\\/litespeed\\\/avatar\\\/5e772ca5311e5fa4d0390e7dd7b25d4f.jpg?ver=1777060035\",\"caption\":\"Admin\"},\"sameAs\":[\"http:\\\/\\\/ekologistyka24.pl\"],\"url\":\"https:\\\/\\\/ekologistyka24.pl\\\/de\\\/author\\\/3xyotbf8kl6qprapd1pj3woyxeb2pu\\\/\"}]}<\/script>\n<!-- \/ Yoast SEO plugin. -->","yoast_head_json":{"title":"Deutschland ist Vorreiter beim Abfallrecycling - Recycling in Deutschland","description":"In Polen werden immer mehr Abf\u00e4lle recycelt. Es ist jedoch noch ein weiter Weg, wenn wir es unseren westlichen Nachbarn gleichtun wollen, die seit einigen Jahren f\u00fchrend in Europa sind, was die Abfallverarbeitung angeht.","robots":{"index":"index","follow":"follow","max-snippet":"max-snippet:-1","max-image-preview":"max-image-preview:large","max-video-preview":"max-video-preview:-1"},"canonical":"https:\/\/ekologistyka24.pl\/de\/deutschland-ist-fuhrend-im-abfallrecycling\/","og_locale":"de_DE","og_type":"article","og_title":"Niemcy w czo\u0142\u00f3wce pa\u0144stw pod wzgl\u0119dem recyklingu odpad\u00f3w \u2013 recykling w Niemczech","og_description":"W Polsce coraz wi\u0119cej odpad\u00f3w poddawanych jest recyklingowi. Wci\u0105\u017c jednak d\u0142uga droga przed nami je\u015bli chcemy by\u0107 jak nasi zachodni s\u0105siedzi, kt\u00f3rzy od dobrych kilku lat wiod\u0105 prym w\u015br\u00f3d kraj\u00f3w europejskich pod wzgl\u0119dem przetwarzania odpad\u00f3w.","og_url":"https:\/\/ekologistyka24.pl\/de\/deutschland-ist-fuhrend-im-abfallrecycling\/","og_site_name":"EKOlogistyka24 - przew\u00f3z odpad\u00f3w i pozwolenia na transport","article_publisher":"https:\/\/www.facebook.com\/profile.php?id=100058909846099","article_published_time":"2023-09-22T09:37:12+00:00","article_modified_time":"2023-12-05T09:58:42+00:00","og_image":[{"width":720,"height":479,"url":"https:\/\/ekologistyka24.pl\/wp-content\/uploads\/2023\/09\/140.webp","type":"image\/webp"}],"author":"Admin","twitter_card":"summary_large_image","twitter_misc":{"Verfasst von":"Admin","Gesch\u00e4tzte Lesezeit":"3\u00a0Minuten"},"schema":{"@context":"https:\/\/schema.org","@graph":[{"@type":"Article","@id":"https:\/\/ekologistyka24.pl\/niemcy-w-czolowce-panstw-pod-wzgledem-recyklingu-odpadow\/#article","isPartOf":{"@id":"https:\/\/ekologistyka24.pl\/niemcy-w-czolowce-panstw-pod-wzgledem-recyklingu-odpadow\/"},"author":{"name":"Admin","@id":"https:\/\/ekologistyka24.pl\/#\/schema\/person\/aa9acc9b3c583ce45bd2fbeb7e4aca37"},"headline":"Niemcy w czo\u0142\u00f3wce pa\u0144stw pod wzgl\u0119dem recyklingu odpad\u00f3w","datePublished":"2023-09-22T09:37:12+00:00","dateModified":"2023-12-05T09:58:42+00:00","mainEntityOfPage":{"@id":"https:\/\/ekologistyka24.pl\/niemcy-w-czolowce-panstw-pod-wzgledem-recyklingu-odpadow\/"},"wordCount":528,"commentCount":0,"publisher":{"@id":"https:\/\/ekologistyka24.pl\/#organization"},"image":{"@id":"https:\/\/ekologistyka24.pl\/niemcy-w-czolowce-panstw-pod-wzgledem-recyklingu-odpadow\/#primaryimage"},"thumbnailUrl":"https:\/\/ekologistyka24.pl\/wp-content\/uploads\/2023\/09\/140.webp","articleSection":["Eko \u015awiat"],"inLanguage":"de","potentialAction":[{"@type":"CommentAction","name":"Comment","target":["https:\/\/ekologistyka24.pl\/niemcy-w-czolowce-panstw-pod-wzgledem-recyklingu-odpadow\/#respond"]}]},{"@type":"WebPage","@id":"https:\/\/ekologistyka24.pl\/niemcy-w-czolowce-panstw-pod-wzgledem-recyklingu-odpadow\/","url":"https:\/\/ekologistyka24.pl\/niemcy-w-czolowce-panstw-pod-wzgledem-recyklingu-odpadow\/","name":"Deutschland ist Vorreiter beim Abfallrecycling - Recycling in Deutschland","isPartOf":{"@id":"https:\/\/ekologistyka24.pl\/#website"},"primaryImageOfPage":{"@id":"https:\/\/ekologistyka24.pl\/niemcy-w-czolowce-panstw-pod-wzgledem-recyklingu-odpadow\/#primaryimage"},"image":{"@id":"https:\/\/ekologistyka24.pl\/niemcy-w-czolowce-panstw-pod-wzgledem-recyklingu-odpadow\/#primaryimage"},"thumbnailUrl":"https:\/\/ekologistyka24.pl\/wp-content\/uploads\/2023\/09\/140.webp","datePublished":"2023-09-22T09:37:12+00:00","dateModified":"2023-12-05T09:58:42+00:00","description":"In Polen werden immer mehr Abf\u00e4lle recycelt. Es ist jedoch noch ein weiter Weg, wenn wir es unseren westlichen Nachbarn gleichtun wollen, die seit einigen Jahren f\u00fchrend in Europa sind, was die Abfallverarbeitung angeht.","inLanguage":"de","potentialAction":[{"@type":"ReadAction","target":["https:\/\/ekologistyka24.pl\/niemcy-w-czolowce-panstw-pod-wzgledem-recyklingu-odpadow\/"]}]},{"@type":"ImageObject","inLanguage":"de","@id":"https:\/\/ekologistyka24.pl\/niemcy-w-czolowce-panstw-pod-wzgledem-recyklingu-odpadow\/#primaryimage","url":"https:\/\/ekologistyka24.pl\/wp-content\/uploads\/2023\/09\/140.webp","contentUrl":"https:\/\/ekologistyka24.pl\/wp-content\/uploads\/2023\/09\/140.webp","width":720,"height":479},{"@type":"WebSite","@id":"https:\/\/ekologistyka24.pl\/#website","url":"https:\/\/ekologistyka24.pl\/","name":"EKOlogistics24 - Abfalltransport und Transportgenehmigungen","description":"","publisher":{"@id":"https:\/\/ekologistyka24.pl\/#organization"},"potentialAction":[{"@type":"SearchAction","target":{"@type":"EntryPoint","urlTemplate":"https:\/\/ekologistyka24.pl\/?s={search_term_string}"},"query-input":{"@type":"PropertyValueSpecification","valueRequired":true,"valueName":"search_term_string"}}],"inLanguage":"de"},{"@type":"Organization","@id":"https:\/\/ekologistyka24.pl\/#organization","name":"EKOlogistics24 - Abfalltransport und Transportgenehmigungen","url":"https:\/\/ekologistyka24.pl\/","logo":{"@type":"ImageObject","inLanguage":"de","@id":"https:\/\/ekologistyka24.pl\/#\/schema\/logo\/image\/","url":"https:\/\/ekologistyka24.pl\/wp-content\/uploads\/2023\/08\/logo.png","contentUrl":"https:\/\/ekologistyka24.pl\/wp-content\/uploads\/2023\/08\/logo.png","width":220,"height":90,"caption":"EKOlogistyka24 - przew\u00f3z odpad\u00f3w i pozwolenia na transport"},"image":{"@id":"https:\/\/ekologistyka24.pl\/#\/schema\/logo\/image\/"},"sameAs":["https:\/\/www.facebook.com\/profile.php?id=100058909846099"]},{"@type":"Person","@id":"https:\/\/ekologistyka24.pl\/#\/schema\/person\/aa9acc9b3c583ce45bd2fbeb7e4aca37","name":"Verwaltung","image":{"@type":"ImageObject","inLanguage":"de","@id":"https:\/\/ekologistyka24.pl\/wp-content\/litespeed\/avatar\/5e772ca5311e5fa4d0390e7dd7b25d4f.jpg?ver=1777060035","url":"https:\/\/ekologistyka24.pl\/wp-content\/litespeed\/avatar\/5e772ca5311e5fa4d0390e7dd7b25d4f.jpg?ver=1777060035","contentUrl":"https:\/\/ekologistyka24.pl\/wp-content\/litespeed\/avatar\/5e772ca5311e5fa4d0390e7dd7b25d4f.jpg?ver=1777060035","caption":"Admin"},"sameAs":["http:\/\/ekologistyka24.pl"],"url":"https:\/\/ekologistyka24.pl\/de\/author\/3xyotbf8kl6qprapd1pj3woyxeb2pu\/"}]}},"taxonomy_info":{"category":[{"value":3,"label":"Eko \u015awiat"}]},"featured_image_src_large":["https:\/\/ekologistyka24.pl\/wp-content\/uploads\/2023\/09\/140.webp",720,479,false],"author_info":{"display_name":"Admin","author_link":"https:\/\/ekologistyka24.pl\/de\/author\/3xyotbf8kl6qprapd1pj3woyxeb2pu\/"},"comment_info":0,"category_info":[{"term_id":3,"name":"Eko \u015awiat","slug":"eko-swiat","term_group":0,"term_taxonomy_id":3,"taxonomy":"category","description":"","parent":0,"count":11,"filter":"raw","cat_ID":3,"category_count":11,"category_description":"","cat_name":"Eko \u015awiat","category_nicename":"eko-swiat","category_parent":0}],"tag_info":false,"_links":{"self":[{"href":"https:\/\/ekologistyka24.pl\/de\/wp-json\/wp\/v2\/posts\/3558","targetHints":{"allow":["GET"]}}],"collection":[{"href":"https:\/\/ekologistyka24.pl\/de\/wp-json\/wp\/v2\/posts"}],"about":[{"href":"https:\/\/ekologistyka24.pl\/de\/wp-json\/wp\/v2\/types\/post"}],"author":[{"embeddable":true,"href":"https:\/\/ekologistyka24.pl\/de\/wp-json\/wp\/v2\/users\/1"}],"replies":[{"embeddable":true,"href":"https:\/\/ekologistyka24.pl\/de\/wp-json\/wp\/v2\/comments?post=3558"}],"version-history":[{"count":1,"href":"https:\/\/ekologistyka24.pl\/de\/wp-json\/wp\/v2\/posts\/3558\/revisions"}],"predecessor-version":[{"id":4941,"href":"https:\/\/ekologistyka24.pl\/de\/wp-json\/wp\/v2\/posts\/3558\/revisions\/4941"}],"wp:featuredmedia":[{"embeddable":true,"href":"https:\/\/ekologistyka24.pl\/de\/wp-json\/wp\/v2\/media\/3560"}],"wp:attachment":[{"href":"https:\/\/ekologistyka24.pl\/de\/wp-json\/wp\/v2\/media?parent=3558"}],"wp:term":[{"taxonomy":"category","embeddable":true,"href":"https:\/\/ekologistyka24.pl\/de\/wp-json\/wp\/v2\/categories?post=3558"},{"taxonomy":"post_tag","embeddable":true,"href":"https:\/\/ekologistyka24.pl\/de\/wp-json\/wp\/v2\/tags?post=3558"}],"curies":[{"name":"wp","href":"https:\/\/api.w.org\/{rel}","templated":true}]}}