{"id":3707,"date":"2023-10-11T09:40:07","date_gmt":"2023-10-11T07:40:07","guid":{"rendered":"https:\/\/ekologistyka24.pl\/?p=3707"},"modified":"2024-05-28T11:41:17","modified_gmt":"2024-05-28T09:41:17","slug":"welche-veranderungen-erwarten-die-unternehmer-in-der-abfallwirtschaft-im-jahr-2024","status":"publish","type":"post","link":"https:\/\/ekologistyka24.pl\/de\/jakie-zmiany-czekaja-przedsiebiorcow-z-sektora-gospodarki-odpadami-w-2024-roku\/","title":{"rendered":"Welche Ver\u00e4nderungen erwarten die Unternehmer in der Abfallwirtschaft im Jahr 2024?"},"content":{"rendered":"\n<h2 class=\"wp-block-heading alignwide has-text-align-left\" id=\"we-re-a-studio-in-berlin-with-an-international-practice-in-architecture-urban-planning-and-interior-design-we-believe-in-sharing-knowledge-and-promoting-dialogue-to-increase-the-creative-potential-of-collaboration\" style=\"font-size:25px;line-height:1.1\"><strong>Wielkimi krokami zbli\u017ca si\u0119 nowy rok, a wraz z nim zmiany w Rozporz\u0105dzeniu 1013\/2006 (WE). Jak wp\u0142yn\u0105 one na sektor gospodarki odpadami, a w szczeg\u00f3lno\u015bci na firmy transportowe? Zapraszamy do lektury artyku\u0142u.<\/strong><\/h2>\n\n\n\n<p class=\"has-text-align-left\">W latach 90. XX wieku narasta\u0142a \u015bwiadomo\u015b\u0107 problem\u00f3w zwi\u0105zanych z gospodark\u0105 odpadami w Europie. W miar\u0119 otwierania granic mi\u0119dzy pa\u0144stwami cz\u0142onkowskimi UE, pojawi\u0142 si\u0119 problem niekontrolowanego przep\u0142ywu odpad\u00f3w. Ryzyko wynika\u0142o z tego, \u017ce nieuczciwe firmy mog\u0142y unika\u0107 odpowiedzialno\u015bci, przewo\u017c\u0105c odpady do kraj\u00f3w z mniej restrykcyjnymi przepisami, co stanowi\u0142o zagro\u017cenie dla \u015brodowiska i zdrowia publicznego.<\/p>\n\n\n\n<p>W zwi\u0105zku z tym Rada Unii Europejskiej zaproponowa\u0142a stworzenie wsp\u00f3lnego ramowego rozporz\u0105dzenia. Mia\u0142o umo\u017cliwi\u0107 kontrolowanie i regulowanie transgranicznego przewozu odpad\u00f3w. W efekcie tego procesu, Parlament Europejski i Rada UE przyj\u0119\u0142y Rozporz\u0105dzenie 1013\/2006 w dniu 14 czerwca 2006 roku.<\/p>\n\n\n\n<p>G\u0142\u00f3wne za\u0142o\u017cenia:<\/p>\n\n\n\n<ul class=\"wp-block-list\">\n<li>Zapewnienie skutecznej kontroli i monitorowania przep\u0142ywu odpad\u00f3w przez pa\u0144stwa cz\u0142onkowskie.<\/li>\n\n\n\n<li>U\u0142atwienie legalnego przewozu odpad\u00f3w o ile s\u0105 one odpowiednio zidentyfikowane i dokumentowane.<\/li>\n\n\n\n<li>Zwi\u0119kszenie przejrzysto\u015bci i wsp\u00f3\u0142pracy mi\u0119dzy pa\u0144stwami cz\u0142onkowskimi w kwestii przep\u0142ywu odpad\u00f3w.<\/li>\n<\/ul>\n\n\n<style>.wp-block-kadence-advancedheading.kt-adv-heading3707_173c8f-b2, .wp-block-kadence-advancedheading.kt-adv-heading3707_173c8f-b2[data-kb-block=\"kb-adv-heading3707_173c8f-b2\"]{font-style:normal;}.wp-block-kadence-advancedheading.kt-adv-heading3707_173c8f-b2 mark.kt-highlight, .wp-block-kadence-advancedheading.kt-adv-heading3707_173c8f-b2[data-kb-block=\"kb-adv-heading3707_173c8f-b2\"] mark.kt-highlight{font-style:normal;color:#f76a0c;-webkit-box-decoration-break:clone;box-decoration-break:clone;padding-top:0px;padding-right:0px;padding-bottom:0px;padding-left:0px;}.wp-block-kadence-advancedheading.kt-adv-heading3707_173c8f-b2 img.kb-inline-image, .wp-block-kadence-advancedheading.kt-adv-heading3707_173c8f-b2[data-kb-block=\"kb-adv-heading3707_173c8f-b2\"] img.kb-inline-image{width:150px;vertical-align:baseline;}<\/style>\n<h2 class=\"kt-adv-heading3707_173c8f-b2 wp-block-kadence-advancedheading\" data-kb-block=\"kb-adv-heading3707_173c8f-b2\">Zmiany w rozporz\u0105dzeniu 1013\/2006<\/h2>\n\n\n\n<p>Aby przepisy by\u0142y skuteczne, <a href=\"https:\/\/ekologistyka24.pl\/bdo-a-transport-odpadow-nowe-przepisy\/\" target=\"_blank\" rel=\"noreferrer noopener\">musz\u0105 by\u0107 jednak regularnie modyfikowane<\/a> w oparciu o aktualn\u0105 sytuacj\u0119 na \u015bwiecie. Pomys\u0142 potencjalnych zmian w Rozporz\u0105dzeniu 1013\/2006 og\u0142oszono w maju bie\u017c\u0105cego roku. W\u00f3wczas Rada UE przyj\u0119\u0142a tzw. mandat negocjacyjny aby rozpocz\u0105\u0107 rozmowy z Parlamentem Europejskim w sprawie nowelizacji wspomnianego wy\u017cej dokumentu. Najwa\u017cniejsze cele, kt\u00f3re maj\u0105 zosta\u0107 zrealizowane poprzez zmian\u0119 przepis\u00f3w to:<\/p>\n\n\n\n<ol class=\"wp-block-list\">\n<li>Zapewnienie, \u017ce odpady trafi\u0105 tylko do instalacji, gdzie zostan\u0105 nale\u017cycie przetworzone<\/li>\n\n\n\n<li>Modernizacja i cyfryzacja procedur dla transport\u00f3w wewn\u0105trz UE i promowanie transportu odpad\u00f3w do recyklingu<\/li>\n\n\n\n<li>Zwalczanie nielegalnych praktyk w transporcie odpad\u00f3w, kt\u00f3re wykorzystuj\u0105 luki w prawie i brak nale\u017cytej kontroli<\/li>\n<\/ol>\n\n\n<style>.wp-block-kadence-advancedheading.kt-adv-heading3707_9c0ed9-bb, .wp-block-kadence-advancedheading.kt-adv-heading3707_9c0ed9-bb[data-kb-block=\"kb-adv-heading3707_9c0ed9-bb\"]{font-style:normal;}.wp-block-kadence-advancedheading.kt-adv-heading3707_9c0ed9-bb mark.kt-highlight, .wp-block-kadence-advancedheading.kt-adv-heading3707_9c0ed9-bb[data-kb-block=\"kb-adv-heading3707_9c0ed9-bb\"] mark.kt-highlight{font-style:normal;color:#f76a0c;-webkit-box-decoration-break:clone;box-decoration-break:clone;padding-top:0px;padding-right:0px;padding-bottom:0px;padding-left:0px;}.wp-block-kadence-advancedheading.kt-adv-heading3707_9c0ed9-bb img.kb-inline-image, .wp-block-kadence-advancedheading.kt-adv-heading3707_9c0ed9-bb[data-kb-block=\"kb-adv-heading3707_9c0ed9-bb\"] img.kb-inline-image{width:150px;vertical-align:baseline;}<\/style>\n<h2 class=\"kt-adv-heading3707_9c0ed9-bb wp-block-kadence-advancedheading\" data-kb-block=\"kb-adv-heading3707_9c0ed9-bb\">Nowe zasady transgranicznego przewozu odpad\u00f3w<\/h2>\n\n\n<style>.wp-block-kadence-iconlist.kt-svg-icon-list-items3707_a27487-b9:not(.this-stops-third-party-issues){margin-top:0px;margin-bottom:0px;}.wp-block-kadence-iconlist.kt-svg-icon-list-items3707_a27487-b9 ul.kt-svg-icon-list:not(.this-prevents-issues):not(.this-stops-third-party-issues):not(.tijsloc){margin-top:0px;margin-right:0px;margin-bottom:var(--global-kb-spacing-sm, 1.5rem);margin-left:0px;}.wp-block-kadence-iconlist.kt-svg-icon-list-items3707_a27487-b9 ul.kt-svg-icon-list{grid-row-gap:5px;}.wp-block-kadence-iconlist.kt-svg-icon-list-items3707_a27487-b9 ul.kt-svg-icon-list .kt-svg-icon-list-item-wrap .kt-svg-icon-list-single{margin-right:10px;}.kt-svg-icon-list-items3707_a27487-b9 ul.kt-svg-icon-list .kt-svg-icon-list-level-0 .kt-svg-icon-list-single svg{font-size:20px;}<\/style>\n<div class=\"wp-block-kadence-iconlist kt-svg-icon-list-items kt-svg-icon-list-items3707_a27487-b9 kt-svg-icon-list-columns-1 alignnone\"><ul class=\"kt-svg-icon-list\"><style>.kt-svg-icon-list-item-3707_9ca524-2b .kt-svg-icon-list-text mark.kt-highlight{background-color:unset;font-style:normal;color:#f76a0c;-webkit-box-decoration-break:clone;box-decoration-break:clone;padding-top:0px;padding-right:0px;padding-bottom:0px;padding-left:0px;}<\/style>\n<li class=\"wp-block-kadence-listitem kt-svg-icon-list-item-wrap kt-svg-icon-list-item-3707_9ca524-2b\"><span class=\"kb-svg-icon-wrap kb-svg-icon-fe_checkCircle kt-svg-icon-list-single\"><svg viewBox=\"0 0 24 24\"  fill=\"none\" stroke=\"currentColor\" stroke-width=\"2\" stroke-linecap=\"round\" stroke-linejoin=\"round\" xmlns=\"http:\/\/www.w3.org\/2000\/svg\"  aria-hidden=\"true\"><path d=\"M22 11.08V12a10 10 0 1 1-5.93-9.14\"\/><polyline points=\"22 4 12 14.01 9 11.01\"\/><\/svg><\/span><span class=\"kt-svg-icon-list-text\">Rada UE chce zakaza\u0107 wywozu odpad\u00f3w do innego kraju cz\u0142onkowskiego w celu utylizacji, chyba \u017ce na okre\u015blonych warunkach. Chce tak\u017ce zakaza\u0107 wywozu odpad\u00f3w do kraj\u00f3w, nieb\u0119d\u0105cych sygnatariuszami umowy OECD. Wyj\u0105tek stanowi\u0107 ma sytuacja gdy kraje te wyra\u017c\u0105 wyra\u017an\u0105 zgod\u0119 na takie przemieszczenie i udowodni\u0105, \u017ce zagospodaruj\u0105 odpady w spos\u00f3b bezpieczny dla \u015brodowiska.<\/span><\/li>\n\n\n<style>.kt-svg-icon-list-item-3707_52c202-8f .kt-svg-icon-list-text mark.kt-highlight{background-color:unset;font-style:normal;color:#f76a0c;-webkit-box-decoration-break:clone;box-decoration-break:clone;padding-top:0px;padding-right:0px;padding-bottom:0px;padding-left:0px;}<\/style>\n<li class=\"wp-block-kadence-listitem kt-svg-icon-list-item-wrap kt-svg-icon-list-item-3707_52c202-8f\"><span class=\"kb-svg-icon-wrap kb-svg-icon-fe_checkCircle kt-svg-icon-list-single\"><svg viewBox=\"0 0 24 24\"  fill=\"none\" stroke=\"currentColor\" stroke-width=\"2\" stroke-linecap=\"round\" stroke-linejoin=\"round\" xmlns=\"http:\/\/www.w3.org\/2000\/svg\"  aria-hidden=\"true\"><path d=\"M22 11.08V12a10 10 0 1 1-5.93-9.14\"\/><polyline points=\"22 4 12 14.01 9 11.01\"\/><\/svg><\/span><span class=\"kt-svg-icon-list-text\">Rada proponuje tak\u017ce wprowadzenie bardziej realistycznych termin\u00f3w w przypadku procedury uprzedniego pisemnego zg\u0142oszenia i zgody. Procedura ta zak\u0142ada, \u017ce podmiot wysy\u0142aj\u0105cy odpady musi powiadomi\u0107 w\u0142a\u015bciwe organy kraju wysy\u0142ki, tranzytu i przeznaczenia i uzyska\u0107 od nich zgod\u0119 na transport. Rada UE chce odci\u0105\u017cy\u0107 eksporter\u00f3w pod wzgl\u0119dem administracyjnym i dopasowa\u0107 procedur\u0119 notyfikacji do zasad obecnie stosowanych w krajach cz\u0142onkowskich.<\/span><\/li>\n\n\n<style>.kt-svg-icon-list-item-3707_55f341-13 .kt-svg-icon-list-text mark.kt-highlight{background-color:unset;font-style:normal;color:#f76a0c;-webkit-box-decoration-break:clone;box-decoration-break:clone;padding-top:0px;padding-right:0px;padding-bottom:0px;padding-left:0px;}<\/style>\n<li class=\"wp-block-kadence-listitem kt-svg-icon-list-item-wrap kt-svg-icon-list-item-3707_55f341-13\"><span class=\"kb-svg-icon-wrap kb-svg-icon-fe_checkCircle kt-svg-icon-list-single\"><svg viewBox=\"0 0 24 24\"  fill=\"none\" stroke=\"currentColor\" stroke-width=\"2\" stroke-linecap=\"round\" stroke-linejoin=\"round\" xmlns=\"http:\/\/www.w3.org\/2000\/svg\"  aria-hidden=\"true\"><path d=\"M22 11.08V12a10 10 0 1 1-5.93-9.14\"\/><polyline points=\"22 4 12 14.01 9 11.01\"\/><\/svg><\/span><span class=\"kt-svg-icon-list-text\">Rada UE chce zaproponowa\u0107 bardziej surowe przepisy dla transportu odpad\u00f3w z tzw. Zielonej Listy. Wszystko po to, by poprawi\u0107 kontrol\u0119 przep\u0142ywu strumienia odpad\u00f3w i procedur\u0119 zwrotu w przypadku, gdy transport odpad\u00f3w nie mo\u017ce zosta\u0107 zrealizowany wed\u0142ug wcze\u015bniejszych zamierze\u0144.<\/span><\/li>\n\n\n<style>.kt-svg-icon-list-item-3707_4dce6a-ee .kt-svg-icon-list-text mark.kt-highlight{background-color:unset;font-style:normal;color:#f76a0c;-webkit-box-decoration-break:clone;box-decoration-break:clone;padding-top:0px;padding-right:0px;padding-bottom:0px;padding-left:0px;}<\/style>\n<li class=\"wp-block-kadence-listitem kt-svg-icon-list-item-wrap kt-svg-icon-list-item-3707_4dce6a-ee\"><span class=\"kb-svg-icon-wrap kb-svg-icon-fe_checkCircle kt-svg-icon-list-single\"><svg viewBox=\"0 0 24 24\"  fill=\"none\" stroke=\"currentColor\" stroke-width=\"2\" stroke-linecap=\"round\" stroke-linejoin=\"round\" xmlns=\"http:\/\/www.w3.org\/2000\/svg\"  aria-hidden=\"true\"><path d=\"M22 11.08V12a10 10 0 1 1-5.93-9.14\"\/><polyline points=\"22 4 12 14.01 9 11.01\"\/><\/svg><\/span><span class=\"kt-svg-icon-list-text\">W przypadku powstania obowi\u0105zku zwrotu odpad\u00f3w do ich wytw\u00f3rcy w sytuacji, gdy dotyczy to transportu realizowanego nielegalnie, Rada proponuje by mo\u017cliwe by\u0142o zagospodarowanie takich odpad\u00f3w w formie odzysku lub unieszkodliwienia zamiast obowi\u0105zku ich wysy\u0142ki do nadawcy.<\/span><\/li>\n\n\n<style>.kt-svg-icon-list-item-3707_8837fd-8c .kt-svg-icon-list-text mark.kt-highlight{background-color:unset;font-style:normal;color:#f76a0c;-webkit-box-decoration-break:clone;box-decoration-break:clone;padding-top:0px;padding-right:0px;padding-bottom:0px;padding-left:0px;}<\/style>\n<li class=\"wp-block-kadence-listitem kt-svg-icon-list-item-wrap kt-svg-icon-list-item-3707_8837fd-8c\"><span class=\"kb-svg-icon-wrap kb-svg-icon-fe_checkCircle kt-svg-icon-list-single\"><svg viewBox=\"0 0 24 24\"  fill=\"none\" stroke=\"currentColor\" stroke-width=\"2\" stroke-linecap=\"round\" stroke-linejoin=\"round\" xmlns=\"http:\/\/www.w3.org\/2000\/svg\"  aria-hidden=\"true\"><path d=\"M22 11.08V12a10 10 0 1 1-5.93-9.14\"\/><polyline points=\"22 4 12 14.01 9 11.01\"\/><\/svg><\/span><span class=\"kt-svg-icon-list-text\">Dla przewoz\u00f3w odpad\u00f3w wewn\u0105trz UE, Rada popar\u0142a rozwi\u0105zania maj\u0105ce na celu usprawnienie i cyfryzacj\u0119 procedur powiadamiania oraz notyfikacji.<\/span><\/li>\n<\/ul><\/div>\n\n\n<style>.wp-block-kadence-advancedheading.kt-adv-heading3707_aaf795-57, .wp-block-kadence-advancedheading.kt-adv-heading3707_aaf795-57[data-kb-block=\"kb-adv-heading3707_aaf795-57\"]{font-style:normal;}.wp-block-kadence-advancedheading.kt-adv-heading3707_aaf795-57 mark.kt-highlight, .wp-block-kadence-advancedheading.kt-adv-heading3707_aaf795-57[data-kb-block=\"kb-adv-heading3707_aaf795-57\"] mark.kt-highlight{font-style:normal;color:#f76a0c;-webkit-box-decoration-break:clone;box-decoration-break:clone;padding-top:0px;padding-right:0px;padding-bottom:0px;padding-left:0px;}.wp-block-kadence-advancedheading.kt-adv-heading3707_aaf795-57 img.kb-inline-image, .wp-block-kadence-advancedheading.kt-adv-heading3707_aaf795-57[data-kb-block=\"kb-adv-heading3707_aaf795-57\"] img.kb-inline-image{width:150px;vertical-align:baseline;}<\/style>\n<h2 class=\"kt-adv-heading3707_aaf795-57 wp-block-kadence-advancedheading\" data-kb-block=\"kb-adv-heading3707_aaf795-57\">Istota kontroli w transgranicznym przewozie odpad\u00f3w<\/h2>\n\n\n\n<p>W odniesieniu do transportu odpad\u00f3w poza granice UE, Rada popar\u0142a pomys\u0142 cyklicznych audyt\u00f3w firm przyjmuj\u0105cych odpady do swoich instalacji. Mia\u0142yby si\u0119 odbywa\u0107 co 3 lata. Ich zadaniem b\u0119dzie ocena, czy firmy odpowiednio zagospodarowa\u0142y odpady w spos\u00f3b bezpieczny dla \u015brodowiska. Tylko takie firmy b\u0119d\u0105 bowiem uprawnione do odbioru odpad\u00f3w od eksporter\u00f3w. Kraje cz\u0142onkowskie proponuj\u0105 utworzenie rejestru zarz\u0105dzanego przez Komisj\u0119 Europejsk\u0105, zawieraj\u0105cego informacje o takich firmach i instalacjach, co u\u0142atwi\u0142oby eksporterom podejmowanie decyzji o miejscu wysy\u0142ki odpad\u00f3w. Nadal jednak ponosi\u0107 b\u0119d\u0105 odpowiedzialno\u015b\u0107 za zapewnienie, \u017ce eksport odbywa si\u0119 zgodnie z przepisami o ochronie \u015brodowiska.<\/p>\n\n\n\n<p>Rada UE postanowi\u0142a upowa\u017cni\u0107 Komisj\u0119 Europejsk\u0105 do ustalenia kryteri\u00f3w odr\u00f3\u017cniaj\u0105cych towary u\u017cywane od odpad\u00f3w. Podobnie w przypadku harmonizacji klasyfikacji odpad\u00f3w na poziomie UE. To ma pom\u00f3c w unikni\u0119ciu nielegalnego przemytu odpad\u00f3w jako towar\u00f3w u\u017cywanych. Komisja b\u0119dzie mia\u0142a tak\u017ce mo\u017cliwo\u015b\u0107 ustalania kryteri\u00f3w, takich jak poziomy zanieczyszczenia odpad\u00f3w, aby okre\u015bli\u0107 ich szkodliwo\u015b\u0107 i jednoznacznie okre\u015bli\u0107, czy wymagaj\u0105 one procedury zg\u0142oszenia i notyfikacji.<\/p>\n\n\n\n<p>W kwestii nielegalnego przewozu odpad\u00f3w Rada zaakceptowa\u0142a propozycj\u0119 Komisji by powo\u0142a\u0107 specjaln\u0105 grup\u0119 dochodzeniow\u0105. Ma ona usprawni\u0107 wsp\u00f3\u0142prac\u0119 mi\u0119dzy pa\u0144stwami cz\u0142onkowskimi. To z kolei ma pom\u00f3c w skuteczniejszym wykrywaniu nieprawid\u0142owo\u015bci. Komisja b\u0119dzie mog\u0142a r\u00f3wnie\u017c prowadzi\u0107 niezb\u0119dne dzia\u0142ania wyja\u015bniaj\u0105ce. B\u0119dzie mia\u0142a r\u00f3wnie\u017c mo\u017cliwo\u015b\u0107 koordynowania ich w porozumieniu z organami w poszczeg\u00f3lnych krajach cz\u0142onkowskich. Nie b\u0119dzie mog\u0142a jednak ingerowa\u0107 w post\u0119powania, prowadzone na szczeblach krajowych. Natomiast kraje cz\u0142onkowskie b\u0119d\u0105 mog\u0142y dowolnie dopasowywa\u0107 zapisy nowego Rozporz\u0105dzenia do swoich krajowych przepis\u00f3w w kwestii kar i grzywien.<\/p>\n\n\n\n<p>Rada przewiduje, \u017ce nowe warunki eksportu odpad\u00f3w zaczn\u0105 obowi\u0105zywa\u0107 po trzech latach, natomiast przepisy dotycz\u0105ce Komisji mia\u0142yby obowi\u0105zywa\u0107 natychmiast po ich wprowadzeniu. G\u0142\u00f3wny termin stosowania nowego rozporz\u0105dzenia powinien przypada\u0107 na 24 miesi\u0105ce po jego wej\u015bciu w \u017cycie.<\/p>\n\n\n\n<p><strong>\u0179r\u00f3d\u0142o:<\/strong> <a href=\"https:\/\/tinyurl.com\/4832nsrt\">https:\/\/tinyurl.com\/4832nsrt<\/a><\/p>\n","protected":false},"excerpt":{"rendered":"<p>Ein neues Jahr steht vor der T\u00fcr und mit ihm \u00c4nderungen der Verordnung 1013\/2006 (EG). Wovon sind sie bestimmt und was werden sie bewirken? Wie wird sich dies auf die Abfallwirtschaft und insbesondere auf die Transportunternehmen auswirken?<\/p>","protected":false},"author":1,"featured_media":3711,"comment_status":"closed","ping_status":"open","sticky":false,"template":"","format":"standard","meta":{"_acf_changed":false,"_kad_blocks_custom_css":"","_kad_blocks_head_custom_js":"","_kad_blocks_body_custom_js":"","_kad_blocks_footer_custom_js":"","_kad_post_transparent":"","_kad_post_title":"","_kad_post_layout":"","_kad_post_sidebar_id":"","_kad_post_content_style":"","_kad_post_vertical_padding":"","_kad_post_feature":"","_kad_post_feature_position":"","_kad_post_header":false,"_kad_post_footer":false,"_kad_post_classname":"","footnotes":""},"categories":[15],"tags":[16,19,17,18],"class_list":["post-3707","post","type-post","status-publish","format-standard","has-post-thumbnail","hentry","category-unia-bez-tajemnic","tag-1013-2006","tag-notyfikacja","tag-rozporzadzenie","tag-transport-odpadow"],"acf":[],"yoast_head":"<!-- This site is optimized with the Yoast SEO plugin v27.4 - https:\/\/yoast.com\/product\/yoast-seo-wordpress\/ -->\n<title>Jakie zmiany czekaj\u0105 przedsi\u0119biorc\u00f3w z sektora gospodarki odpadami w 2024 roku? - EKOlogistyka24 - przew\u00f3z odpad\u00f3w i pozwolenia na transport<\/title>\n<meta name=\"description\" content=\"Nadchodz\u0105 zmiany w Rozporz\u0105dzeniu 1013\/2006 (WE) o przewozie odpad\u00f3w. Co to oznacza dla bran\u017cy odpadowej i dla firm transportowych?\" \/>\n<meta name=\"robots\" content=\"index, follow, max-snippet:-1, max-image-preview:large, max-video-preview:-1\" \/>\n<link rel=\"canonical\" href=\"https:\/\/ekologistyka24.pl\/de\/welche-veranderungen-erwarten-die-unternehmer-in-der-abfallwirtschaft-im-jahr-2024\/\" \/>\n<meta property=\"og:locale\" content=\"de_DE\" \/>\n<meta property=\"og:type\" content=\"article\" \/>\n<meta property=\"og:title\" content=\"Jakie zmiany czekaj\u0105 przedsi\u0119biorc\u00f3w z sektora gospodarki odpadami w 2024 roku? - EKOlogistyka24 - przew\u00f3z odpad\u00f3w i pozwolenia na transport\" \/>\n<meta property=\"og:description\" content=\"Nadchodz\u0105 zmiany w Rozporz\u0105dzeniu 1013\/2006 (WE) o przewozie odpad\u00f3w. Co to oznacza dla bran\u017cy odpadowej i dla firm transportowych?\" \/>\n<meta property=\"og:url\" content=\"https:\/\/ekologistyka24.pl\/de\/welche-veranderungen-erwarten-die-unternehmer-in-der-abfallwirtschaft-im-jahr-2024\/\" \/>\n<meta property=\"og:site_name\" content=\"EKOlogistyka24 - przew\u00f3z odpad\u00f3w i pozwolenia na transport\" \/>\n<meta property=\"article:publisher\" content=\"https:\/\/www.facebook.com\/profile.php?id=100058909846099\" \/>\n<meta property=\"article:published_time\" content=\"2023-10-11T07:40:07+00:00\" \/>\n<meta property=\"article:modified_time\" content=\"2024-05-28T09:41:17+00:00\" \/>\n<meta property=\"og:image\" content=\"https:\/\/ekologistyka24.pl\/wp-content\/uploads\/2023\/10\/woman-holding-european-union-envelope.webp\" \/>\n\t<meta property=\"og:image:width\" content=\"1497\" \/>\n\t<meta property=\"og:image:height\" content=\"575\" \/>\n\t<meta property=\"og:image:type\" content=\"image\/webp\" \/>\n<meta name=\"author\" content=\"Admin\" \/>\n<meta name=\"twitter:card\" content=\"summary_large_image\" \/>\n<meta name=\"twitter:label1\" content=\"Verfasst von\" \/>\n\t<meta name=\"twitter:data1\" content=\"Admin\" \/>\n\t<meta name=\"twitter:label2\" content=\"Gesch\u00e4tzte Lesezeit\" \/>\n\t<meta name=\"twitter:data2\" content=\"5\u00a0Minuten\" \/>\n<script type=\"application\/ld+json\" class=\"yoast-schema-graph\">{\"@context\":\"https:\\\/\\\/schema.org\",\"@graph\":[{\"@type\":\"Article\",\"@id\":\"https:\\\/\\\/ekologistyka24.pl\\\/jakie-zmiany-czekaja-przedsiebiorcow-z-sektora-gospodarki-odpadami-w-2024-roku\\\/#article\",\"isPartOf\":{\"@id\":\"https:\\\/\\\/ekologistyka24.pl\\\/jakie-zmiany-czekaja-przedsiebiorcow-z-sektora-gospodarki-odpadami-w-2024-roku\\\/\"},\"author\":{\"name\":\"Admin\",\"@id\":\"https:\\\/\\\/ekologistyka24.pl\\\/#\\\/schema\\\/person\\\/aa9acc9b3c583ce45bd2fbeb7e4aca37\"},\"headline\":\"Jakie zmiany czekaj\u0105 przedsi\u0119biorc\u00f3w z sektora gospodarki odpadami w 2024 roku?\",\"datePublished\":\"2023-10-11T07:40:07+00:00\",\"dateModified\":\"2024-05-28T09:41:17+00:00\",\"mainEntityOfPage\":{\"@id\":\"https:\\\/\\\/ekologistyka24.pl\\\/jakie-zmiany-czekaja-przedsiebiorcow-z-sektora-gospodarki-odpadami-w-2024-roku\\\/\"},\"wordCount\":945,\"publisher\":{\"@id\":\"https:\\\/\\\/ekologistyka24.pl\\\/#organization\"},\"image\":{\"@id\":\"https:\\\/\\\/ekologistyka24.pl\\\/jakie-zmiany-czekaja-przedsiebiorcow-z-sektora-gospodarki-odpadami-w-2024-roku\\\/#primaryimage\"},\"thumbnailUrl\":\"https:\\\/\\\/ekologistyka24.pl\\\/wp-content\\\/uploads\\\/2023\\\/10\\\/woman-holding-european-union-envelope.webp\",\"keywords\":[\"1013\\\/2006\",\"notyfikacja\",\"rozporz\u0105dzenie\",\"transport odpad\u00f3w\"],\"articleSection\":[\"Unia bez tajemnic\"],\"inLanguage\":\"de\"},{\"@type\":\"WebPage\",\"@id\":\"https:\\\/\\\/ekologistyka24.pl\\\/jakie-zmiany-czekaja-przedsiebiorcow-z-sektora-gospodarki-odpadami-w-2024-roku\\\/\",\"url\":\"https:\\\/\\\/ekologistyka24.pl\\\/jakie-zmiany-czekaja-przedsiebiorcow-z-sektora-gospodarki-odpadami-w-2024-roku\\\/\",\"name\":\"Jakie zmiany czekaj\u0105 przedsi\u0119biorc\u00f3w z sektora gospodarki odpadami w 2024 roku? - EKOlogistyka24 - przew\u00f3z odpad\u00f3w i pozwolenia na transport\",\"isPartOf\":{\"@id\":\"https:\\\/\\\/ekologistyka24.pl\\\/#website\"},\"primaryImageOfPage\":{\"@id\":\"https:\\\/\\\/ekologistyka24.pl\\\/jakie-zmiany-czekaja-przedsiebiorcow-z-sektora-gospodarki-odpadami-w-2024-roku\\\/#primaryimage\"},\"image\":{\"@id\":\"https:\\\/\\\/ekologistyka24.pl\\\/jakie-zmiany-czekaja-przedsiebiorcow-z-sektora-gospodarki-odpadami-w-2024-roku\\\/#primaryimage\"},\"thumbnailUrl\":\"https:\\\/\\\/ekologistyka24.pl\\\/wp-content\\\/uploads\\\/2023\\\/10\\\/woman-holding-european-union-envelope.webp\",\"datePublished\":\"2023-10-11T07:40:07+00:00\",\"dateModified\":\"2024-05-28T09:41:17+00:00\",\"description\":\"Nadchodz\u0105 zmiany w Rozporz\u0105dzeniu 1013\\\/2006 (WE) o przewozie odpad\u00f3w. Co to oznacza dla bran\u017cy odpadowej i dla firm transportowych?\",\"inLanguage\":\"de\",\"potentialAction\":[{\"@type\":\"ReadAction\",\"target\":[\"https:\\\/\\\/ekologistyka24.pl\\\/jakie-zmiany-czekaja-przedsiebiorcow-z-sektora-gospodarki-odpadami-w-2024-roku\\\/\"]}]},{\"@type\":\"ImageObject\",\"inLanguage\":\"de\",\"@id\":\"https:\\\/\\\/ekologistyka24.pl\\\/jakie-zmiany-czekaja-przedsiebiorcow-z-sektora-gospodarki-odpadami-w-2024-roku\\\/#primaryimage\",\"url\":\"https:\\\/\\\/ekologistyka24.pl\\\/wp-content\\\/uploads\\\/2023\\\/10\\\/woman-holding-european-union-envelope.webp\",\"contentUrl\":\"https:\\\/\\\/ekologistyka24.pl\\\/wp-content\\\/uploads\\\/2023\\\/10\\\/woman-holding-european-union-envelope.webp\",\"width\":1497,\"height\":575,\"caption\":\"Jakie zmiany czekaj\u0105 przedsi\u0119biorc\u00f3w z sektora gospodarki odpadami w 2024 roku?\"},{\"@type\":\"WebSite\",\"@id\":\"https:\\\/\\\/ekologistyka24.pl\\\/#website\",\"url\":\"https:\\\/\\\/ekologistyka24.pl\\\/\",\"name\":\"EKOlogistyka24 - przew\u00f3z odpad\u00f3w i pozwolenia na transport\",\"description\":\"\",\"publisher\":{\"@id\":\"https:\\\/\\\/ekologistyka24.pl\\\/#organization\"},\"potentialAction\":[{\"@type\":\"SearchAction\",\"target\":{\"@type\":\"EntryPoint\",\"urlTemplate\":\"https:\\\/\\\/ekologistyka24.pl\\\/?s={search_term_string}\"},\"query-input\":{\"@type\":\"PropertyValueSpecification\",\"valueRequired\":true,\"valueName\":\"search_term_string\"}}],\"inLanguage\":\"de\"},{\"@type\":\"Organization\",\"@id\":\"https:\\\/\\\/ekologistyka24.pl\\\/#organization\",\"name\":\"EKOlogistyka24 - przew\u00f3z odpad\u00f3w i pozwolenia na transport\",\"url\":\"https:\\\/\\\/ekologistyka24.pl\\\/\",\"logo\":{\"@type\":\"ImageObject\",\"inLanguage\":\"de\",\"@id\":\"https:\\\/\\\/ekologistyka24.pl\\\/#\\\/schema\\\/logo\\\/image\\\/\",\"url\":\"https:\\\/\\\/ekologistyka24.pl\\\/wp-content\\\/uploads\\\/2023\\\/08\\\/logo.png\",\"contentUrl\":\"https:\\\/\\\/ekologistyka24.pl\\\/wp-content\\\/uploads\\\/2023\\\/08\\\/logo.png\",\"width\":220,\"height\":90,\"caption\":\"EKOlogistyka24 - przew\u00f3z odpad\u00f3w i pozwolenia na transport\"},\"image\":{\"@id\":\"https:\\\/\\\/ekologistyka24.pl\\\/#\\\/schema\\\/logo\\\/image\\\/\"},\"sameAs\":[\"https:\\\/\\\/www.facebook.com\\\/profile.php?id=100058909846099\"]},{\"@type\":\"Person\",\"@id\":\"https:\\\/\\\/ekologistyka24.pl\\\/#\\\/schema\\\/person\\\/aa9acc9b3c583ce45bd2fbeb7e4aca37\",\"name\":\"Admin\",\"image\":{\"@type\":\"ImageObject\",\"inLanguage\":\"de\",\"@id\":\"https:\\\/\\\/ekologistyka24.pl\\\/wp-content\\\/litespeed\\\/avatar\\\/5e772ca5311e5fa4d0390e7dd7b25d4f.jpg?ver=1777060035\",\"url\":\"https:\\\/\\\/ekologistyka24.pl\\\/wp-content\\\/litespeed\\\/avatar\\\/5e772ca5311e5fa4d0390e7dd7b25d4f.jpg?ver=1777060035\",\"contentUrl\":\"https:\\\/\\\/ekologistyka24.pl\\\/wp-content\\\/litespeed\\\/avatar\\\/5e772ca5311e5fa4d0390e7dd7b25d4f.jpg?ver=1777060035\",\"caption\":\"Admin\"},\"sameAs\":[\"http:\\\/\\\/ekologistyka24.pl\"],\"url\":\"https:\\\/\\\/ekologistyka24.pl\\\/de\\\/author\\\/3xyotbf8kl6qprapd1pj3woyxeb2pu\\\/\"}]}<\/script>\n<!-- \/ Yoast SEO plugin. -->","yoast_head_json":{"title":"Welche Ver\u00e4nderungen erwarten die Unternehmer in der Abfallwirtschaft im Jahr 2024? - EKOlogistics24 - Abfalltransport und Transportgenehmigungen","description":"\u00c4nderungen der Verordnung 1013\/2006 (EG) \u00fcber die Verbringung von Abf\u00e4llen stehen bevor. Was bedeutet das f\u00fcr die Abfallwirtschaft und f\u00fcr Transportunternehmen?","robots":{"index":"index","follow":"follow","max-snippet":"max-snippet:-1","max-image-preview":"max-image-preview:large","max-video-preview":"max-video-preview:-1"},"canonical":"https:\/\/ekologistyka24.pl\/de\/welche-veranderungen-erwarten-die-unternehmer-in-der-abfallwirtschaft-im-jahr-2024\/","og_locale":"de_DE","og_type":"article","og_title":"Jakie zmiany czekaj\u0105 przedsi\u0119biorc\u00f3w z sektora gospodarki odpadami w 2024 roku? - EKOlogistyka24 - przew\u00f3z odpad\u00f3w i pozwolenia na transport","og_description":"Nadchodz\u0105 zmiany w Rozporz\u0105dzeniu 1013\/2006 (WE) o przewozie odpad\u00f3w. Co to oznacza dla bran\u017cy odpadowej i dla firm transportowych?","og_url":"https:\/\/ekologistyka24.pl\/de\/welche-veranderungen-erwarten-die-unternehmer-in-der-abfallwirtschaft-im-jahr-2024\/","og_site_name":"EKOlogistyka24 - przew\u00f3z odpad\u00f3w i pozwolenia na transport","article_publisher":"https:\/\/www.facebook.com\/profile.php?id=100058909846099","article_published_time":"2023-10-11T07:40:07+00:00","article_modified_time":"2024-05-28T09:41:17+00:00","og_image":[{"width":1497,"height":575,"url":"https:\/\/ekologistyka24.pl\/wp-content\/uploads\/2023\/10\/woman-holding-european-union-envelope.webp","type":"image\/webp"}],"author":"Admin","twitter_card":"summary_large_image","twitter_misc":{"Verfasst von":"Admin","Gesch\u00e4tzte Lesezeit":"5\u00a0Minuten"},"schema":{"@context":"https:\/\/schema.org","@graph":[{"@type":"Article","@id":"https:\/\/ekologistyka24.pl\/jakie-zmiany-czekaja-przedsiebiorcow-z-sektora-gospodarki-odpadami-w-2024-roku\/#article","isPartOf":{"@id":"https:\/\/ekologistyka24.pl\/jakie-zmiany-czekaja-przedsiebiorcow-z-sektora-gospodarki-odpadami-w-2024-roku\/"},"author":{"name":"Admin","@id":"https:\/\/ekologistyka24.pl\/#\/schema\/person\/aa9acc9b3c583ce45bd2fbeb7e4aca37"},"headline":"Jakie zmiany czekaj\u0105 przedsi\u0119biorc\u00f3w z sektora gospodarki odpadami w 2024 roku?","datePublished":"2023-10-11T07:40:07+00:00","dateModified":"2024-05-28T09:41:17+00:00","mainEntityOfPage":{"@id":"https:\/\/ekologistyka24.pl\/jakie-zmiany-czekaja-przedsiebiorcow-z-sektora-gospodarki-odpadami-w-2024-roku\/"},"wordCount":945,"publisher":{"@id":"https:\/\/ekologistyka24.pl\/#organization"},"image":{"@id":"https:\/\/ekologistyka24.pl\/jakie-zmiany-czekaja-przedsiebiorcow-z-sektora-gospodarki-odpadami-w-2024-roku\/#primaryimage"},"thumbnailUrl":"https:\/\/ekologistyka24.pl\/wp-content\/uploads\/2023\/10\/woman-holding-european-union-envelope.webp","keywords":["1013\/2006","notyfikacja","rozporz\u0105dzenie","transport odpad\u00f3w"],"articleSection":["Unia bez tajemnic"],"inLanguage":"de"},{"@type":"WebPage","@id":"https:\/\/ekologistyka24.pl\/jakie-zmiany-czekaja-przedsiebiorcow-z-sektora-gospodarki-odpadami-w-2024-roku\/","url":"https:\/\/ekologistyka24.pl\/jakie-zmiany-czekaja-przedsiebiorcow-z-sektora-gospodarki-odpadami-w-2024-roku\/","name":"Welche Ver\u00e4nderungen erwarten die Unternehmer in der Abfallwirtschaft im Jahr 2024? - EKOlogistics24 - Abfalltransport und Transportgenehmigungen","isPartOf":{"@id":"https:\/\/ekologistyka24.pl\/#website"},"primaryImageOfPage":{"@id":"https:\/\/ekologistyka24.pl\/jakie-zmiany-czekaja-przedsiebiorcow-z-sektora-gospodarki-odpadami-w-2024-roku\/#primaryimage"},"image":{"@id":"https:\/\/ekologistyka24.pl\/jakie-zmiany-czekaja-przedsiebiorcow-z-sektora-gospodarki-odpadami-w-2024-roku\/#primaryimage"},"thumbnailUrl":"https:\/\/ekologistyka24.pl\/wp-content\/uploads\/2023\/10\/woman-holding-european-union-envelope.webp","datePublished":"2023-10-11T07:40:07+00:00","dateModified":"2024-05-28T09:41:17+00:00","description":"\u00c4nderungen der Verordnung 1013\/2006 (EG) \u00fcber die Verbringung von Abf\u00e4llen stehen bevor. Was bedeutet das f\u00fcr die Abfallwirtschaft und f\u00fcr Transportunternehmen?","inLanguage":"de","potentialAction":[{"@type":"ReadAction","target":["https:\/\/ekologistyka24.pl\/jakie-zmiany-czekaja-przedsiebiorcow-z-sektora-gospodarki-odpadami-w-2024-roku\/"]}]},{"@type":"ImageObject","inLanguage":"de","@id":"https:\/\/ekologistyka24.pl\/jakie-zmiany-czekaja-przedsiebiorcow-z-sektora-gospodarki-odpadami-w-2024-roku\/#primaryimage","url":"https:\/\/ekologistyka24.pl\/wp-content\/uploads\/2023\/10\/woman-holding-european-union-envelope.webp","contentUrl":"https:\/\/ekologistyka24.pl\/wp-content\/uploads\/2023\/10\/woman-holding-european-union-envelope.webp","width":1497,"height":575,"caption":"Jakie zmiany czekaj\u0105 przedsi\u0119biorc\u00f3w z sektora gospodarki odpadami w 2024 roku?"},{"@type":"WebSite","@id":"https:\/\/ekologistyka24.pl\/#website","url":"https:\/\/ekologistyka24.pl\/","name":"EKOlogistics24 - Abfalltransport und Transportgenehmigungen","description":"","publisher":{"@id":"https:\/\/ekologistyka24.pl\/#organization"},"potentialAction":[{"@type":"SearchAction","target":{"@type":"EntryPoint","urlTemplate":"https:\/\/ekologistyka24.pl\/?s={search_term_string}"},"query-input":{"@type":"PropertyValueSpecification","valueRequired":true,"valueName":"search_term_string"}}],"inLanguage":"de"},{"@type":"Organization","@id":"https:\/\/ekologistyka24.pl\/#organization","name":"EKOlogistics24 - Abfalltransport und Transportgenehmigungen","url":"https:\/\/ekologistyka24.pl\/","logo":{"@type":"ImageObject","inLanguage":"de","@id":"https:\/\/ekologistyka24.pl\/#\/schema\/logo\/image\/","url":"https:\/\/ekologistyka24.pl\/wp-content\/uploads\/2023\/08\/logo.png","contentUrl":"https:\/\/ekologistyka24.pl\/wp-content\/uploads\/2023\/08\/logo.png","width":220,"height":90,"caption":"EKOlogistyka24 - przew\u00f3z odpad\u00f3w i pozwolenia na transport"},"image":{"@id":"https:\/\/ekologistyka24.pl\/#\/schema\/logo\/image\/"},"sameAs":["https:\/\/www.facebook.com\/profile.php?id=100058909846099"]},{"@type":"Person","@id":"https:\/\/ekologistyka24.pl\/#\/schema\/person\/aa9acc9b3c583ce45bd2fbeb7e4aca37","name":"Verwaltung","image":{"@type":"ImageObject","inLanguage":"de","@id":"https:\/\/ekologistyka24.pl\/wp-content\/litespeed\/avatar\/5e772ca5311e5fa4d0390e7dd7b25d4f.jpg?ver=1777060035","url":"https:\/\/ekologistyka24.pl\/wp-content\/litespeed\/avatar\/5e772ca5311e5fa4d0390e7dd7b25d4f.jpg?ver=1777060035","contentUrl":"https:\/\/ekologistyka24.pl\/wp-content\/litespeed\/avatar\/5e772ca5311e5fa4d0390e7dd7b25d4f.jpg?ver=1777060035","caption":"Admin"},"sameAs":["http:\/\/ekologistyka24.pl"],"url":"https:\/\/ekologistyka24.pl\/de\/author\/3xyotbf8kl6qprapd1pj3woyxeb2pu\/"}]}},"taxonomy_info":{"category":[{"value":15,"label":"Unia bez tajemnic"}],"post_tag":[{"value":16,"label":"1013\/2006"},{"value":19,"label":"notyfikacja"},{"value":17,"label":"rozporz\u0105dzenie"},{"value":18,"label":"transport odpad\u00f3w"}]},"featured_image_src_large":["https:\/\/ekologistyka24.pl\/wp-content\/uploads\/2023\/10\/woman-holding-european-union-envelope-1024x393.webp",1024,393,true],"author_info":{"display_name":"Admin","author_link":"https:\/\/ekologistyka24.pl\/de\/author\/3xyotbf8kl6qprapd1pj3woyxeb2pu\/"},"comment_info":0,"category_info":[{"term_id":15,"name":"Unia bez tajemnic","slug":"unia-bez-tajemnic","term_group":0,"term_taxonomy_id":15,"taxonomy":"category","description":"","parent":0,"count":13,"filter":"raw","cat_ID":15,"category_count":13,"category_description":"","cat_name":"Unia bez tajemnic","category_nicename":"unia-bez-tajemnic","category_parent":0}],"tag_info":[{"term_id":16,"name":"1013\/2006","slug":"1013-2006","term_group":0,"term_taxonomy_id":16,"taxonomy":"post_tag","description":"","parent":0,"count":1,"filter":"raw"},{"term_id":19,"name":"notyfikacja","slug":"notyfikacja","term_group":0,"term_taxonomy_id":19,"taxonomy":"post_tag","description":"","parent":0,"count":2,"filter":"raw"},{"term_id":17,"name":"rozporz\u0105dzenie","slug":"rozporzadzenie","term_group":0,"term_taxonomy_id":17,"taxonomy":"post_tag","description":"","parent":0,"count":1,"filter":"raw"},{"term_id":18,"name":"transport odpad\u00f3w","slug":"transport-odpadow","term_group":0,"term_taxonomy_id":18,"taxonomy":"post_tag","description":"","parent":0,"count":101,"filter":"raw"}],"_links":{"self":[{"href":"https:\/\/ekologistyka24.pl\/de\/wp-json\/wp\/v2\/posts\/3707","targetHints":{"allow":["GET"]}}],"collection":[{"href":"https:\/\/ekologistyka24.pl\/de\/wp-json\/wp\/v2\/posts"}],"about":[{"href":"https:\/\/ekologistyka24.pl\/de\/wp-json\/wp\/v2\/types\/post"}],"author":[{"embeddable":true,"href":"https:\/\/ekologistyka24.pl\/de\/wp-json\/wp\/v2\/users\/1"}],"replies":[{"embeddable":true,"href":"https:\/\/ekologistyka24.pl\/de\/wp-json\/wp\/v2\/comments?post=3707"}],"version-history":[{"count":1,"href":"https:\/\/ekologistyka24.pl\/de\/wp-json\/wp\/v2\/posts\/3707\/revisions"}],"predecessor-version":[{"id":5411,"href":"https:\/\/ekologistyka24.pl\/de\/wp-json\/wp\/v2\/posts\/3707\/revisions\/5411"}],"wp:featuredmedia":[{"embeddable":true,"href":"https:\/\/ekologistyka24.pl\/de\/wp-json\/wp\/v2\/media\/3711"}],"wp:attachment":[{"href":"https:\/\/ekologistyka24.pl\/de\/wp-json\/wp\/v2\/media?parent=3707"}],"wp:term":[{"taxonomy":"category","embeddable":true,"href":"https:\/\/ekologistyka24.pl\/de\/wp-json\/wp\/v2\/categories?post=3707"},{"taxonomy":"post_tag","embeddable":true,"href":"https:\/\/ekologistyka24.pl\/de\/wp-json\/wp\/v2\/tags?post=3707"}],"curies":[{"name":"wp","href":"https:\/\/api.w.org\/{rel}","templated":true}]}}