{"id":7788,"date":"2025-10-27T10:34:46","date_gmt":"2025-10-27T09:34:46","guid":{"rendered":"https:\/\/ekologistyka24.pl\/?p=7788"},"modified":"2025-10-27T10:48:48","modified_gmt":"2025-10-27T09:48:48","slug":"umweltplakette-de-at-fr-bestellen","status":"publish","type":"post","link":"https:\/\/ekologistyka24.pl\/de\/naklejka-ekologiczna-de-at-fr-zamow\/","title":{"rendered":"Umweltplakette f\u00fcr LKW - Deutschland, Frankreich, \u00d6sterreich. Legal bestellen"},"content":{"rendered":"<p class=\"has-theme-palette-1-color has-text-color has-link-color wp-elements-df674f107c3f5bdbd8160f899aba2b3e\" style=\"font-size:25px\"><strong>Bei der Abfallbef\u00f6rderung kommt es auf den reibungslosen Ablauf an. Umwege verl\u00e4ngern die Strecke, so dass die Fahrer Verz\u00f6gerungen bei der Lieferung riskieren. Deshalb entscheiden sie sich immer h\u00e4ufiger daf\u00fcr, durch die Stadt zu fahren, anstatt an den Stadtrand. Doch hier kommen die Umweltzonen ins Spiel. F\u00fcr jede dieser Zonen ist eine Umweltplakette erforderlich - ohne sie riskiert man Bu\u00dfgelder, Stopps und Nerven. Deshalb nehmen wir es selbst in die Hand: Bestellen Sie die Umweltplakette (DE), Crit'Air (FR) und Abgasplakette (AT) ausschlie\u00dflich \u00fcber offizielle Kan\u00e4le. So vermeiden Sie Risiken und Ihr Fahrzeug kommt legal und ohne Probleme in die Zone.<\/strong><\/p>\n\n\n<style>.wp-block-kadence-column.kb-section-dir-horizontal > .kt-inside-inner-col > .kt-info-box7788_1865c7-56 .kt-blocks-info-box-link-wrap{max-width:unset;}.kt-info-box7788_1865c7-56 .kt-blocks-info-box-link-wrap{border-top:5px solid var(--global-palette1, #3182CE);border-right:5px solid var(--global-palette1, #3182CE);border-bottom:5px solid var(--global-palette1, #3182CE);border-left:5px solid var(--global-palette1, #3182CE);border-top-left-radius:30px;border-top-right-radius:30px;border-bottom-right-radius:30px;border-bottom-left-radius:30px;background:#ffffff;padding-top:var(--global-kb-spacing-xs, 1rem);padding-right:var(--global-kb-spacing-xs, 1rem);padding-bottom:var(--global-kb-spacing-xs, 1rem);padding-left:var(--global-kb-spacing-xs, 1rem);}.kt-info-box7788_1865c7-56 .kadence-info-box-icon-container .kt-info-svg-icon, .kt-info-box7788_1865c7-56 .kt-info-svg-icon-flip, .kt-info-box7788_1865c7-56 .kt-blocks-info-box-number{font-size:40px;}.kt-info-box7788_1865c7-56 .kt-blocks-info-box-media{color:var(--global-palette1, #3182CE);border-color:var(--global-palette1, #3182CE);border-radius:5px;overflow:hidden;border-top-width:0px;border-right-width:0px;border-bottom-width:0px;border-left-width:0px;padding-top:20px;padding-right:20px;padding-bottom:20px;padding-left:20px;margin-top:0px;margin-right:20px;margin-bottom:0px;margin-left:0px;}.kt-info-box7788_1865c7-56 .kt-blocks-info-box-media .kadence-info-box-image-intrisic img{border-radius:5px;}.kt-info-box7788_1865c7-56 .kt-infobox-textcontent h2.kt-blocks-info-box-title{color:var(--global-palette3, #1A202C);font-size:22px;padding-top:0px;padding-right:0px;padding-bottom:0px;padding-left:0px;margin-top:5px;margin-right:0px;margin-bottom:10px;margin-left:0px;}.kt-info-box7788_1865c7-56 .kt-infobox-textcontent .kt-blocks-info-box-text{color:var(--global-palette3, #1A202C);}.wp-block-kadence-infobox.kt-info-box7788_1865c7-56 .kt-blocks-info-box-text{font-size:16px;}.kt-info-box7788_1865c7-56 .kt-blocks-info-box-learnmore{background:transparent;border-width:0px 0px 0px 0px;padding-top:4px;padding-right:8px;padding-bottom:4px;padding-left:8px;margin-top:10px;margin-right:0px;margin-bottom:10px;margin-left:0px;}@media all and (max-width: 1024px){.kt-info-box7788_1865c7-56 .kt-blocks-info-box-link-wrap{border-top:5px solid var(--global-palette1, #3182CE);border-right:5px solid var(--global-palette1, #3182CE);border-bottom:5px solid var(--global-palette1, #3182CE);border-left:5px solid var(--global-palette1, #3182CE);}}@media all and (max-width: 767px){.kt-info-box7788_1865c7-56 .kt-blocks-info-box-link-wrap{border-top:5px solid var(--global-palette1, #3182CE);border-right:5px solid var(--global-palette1, #3182CE);border-bottom:5px solid var(--global-palette1, #3182CE);border-left:5px solid var(--global-palette1, #3182CE);}}<\/style>\n<div class=\"wp-block-kadence-infobox kt-info-box7788_1865c7-56\"><span class=\"kt-blocks-info-box-link-wrap info-box-link kt-blocks-info-box-media-align-left kt-info-halign-left\"><div class=\"kt-blocks-info-box-media-container\"><div class=\"kt-blocks-info-box-media kt-info-media-animate-none\"><div class=\"kadence-info-box-icon-container kt-info-icon-animate-none\"><div class=\"kadence-info-box-icon-inner-container\"><span class=\"kb-svg-icon-wrap kb-svg-icon-ic_document kt-info-svg-icon\"><svg viewbox=\"0 0 8 8\"  fill=\"currentColor\" xmlns=\"http:\/\/www.w3.org\/2000\/svg\"  aria-hidden=\"true\"><path d=\"M0 0v8h7v-4h-4v-4h-3zm4 0v3h3l-3-3zm-3 2h1v1h-1v-1zm0 2h1v1h-1v-1zm0 2h4v1h-4v-1z\"\/><\/svg><\/span><\/div><\/div><\/div><\/div><div class=\"kt-infobox-textcontent\"><h2 class=\"kt-blocks-info-box-title\"><strong>Sie wollen sich nicht der Gefahr von Geldstrafen aussetzen?<\/strong><\/h2><p class=\"kt-blocks-info-box-text\"><strong><strong>Bestellen Sie bei uns eine Umweltplakette f\u00fcr \u00d6sterreich, Deutschland oder Frankreich<\/strong>. Rufen Sie an oder schreiben Sie noch heute:<\/strong><br><strong><a href=\"mailto:e.nadolna@ekologistyka24.pl\">e.nadolna@ekologistyka24.pl&nbsp;<\/a>,&nbsp;<a href=\"tel:+48881045376\">+48<\/a>&nbsp;<a href=\"tel:+48881045376\">881 045 376<\/a><br><a href=\"mailto:j.blazewicz@ekologistyka24.pl\">j.blazewicz@ekologistyka24.pl&nbsp;<\/a>,&nbsp;<a href=\"tel:+48500867153\">+48 500 867 153<\/a><\/strong><\/p><\/div><\/span><\/div>\n\n\n\n<h2 class=\"wp-block-heading has-theme-palette-1-color has-text-color has-link-color wp-elements-5dc30accea0b5baa61b711f6ceb5a6c0\"><strong>Auf welcher Grundlage ist eine Umweltplakette in ausgew\u00e4hlten L\u00e4ndern erforderlich?<\/strong><\/h2>\n\n\n\n<p>F\u00fcr den Transport von Abf\u00e4llen in viele europ\u00e4ische St\u00e4dte gelten nicht nur allgemeine, internationale, sondern auch spezifische lokale Vorschriften. Daher m\u00fcssen zus\u00e4tzlich zu den Formalit\u00e4ten wie <a href=\"https:\/\/ekologistyka24.pl\/de\/abfalltransportgenehmigungen-2\/\" target=\"_blank\" rel=\"noreferrer noopener\">Abfallgenehmigungen<\/a>, Auch um die Umweltplakette m\u00fcssen Sie sich k\u00fcmmern. Beides geht Hand in Hand: Die Genehmigung gibt Ihnen das Recht, die Dienstleistung zu erbringen, w\u00e4hrend die Plakette den Weg f\u00fcr die Umweltzone in Ihrer Stadt ebnet. So vermeiden Sie Bu\u00dfgelder, Sperrungen und nerv\u00f6se Erkl\u00e4rungen bei Inspektionen. In Europa gibt es zugegebenerma\u00dfen kein Gebot f\u00fcr jedes Land, solche gr\u00fcnen L\u00f6sungen zu entwickeln. Es handelt sich um Bottom-up-Initiativen der einzelnen L\u00e4nder. Die EU legt lediglich Grenzwerte f\u00fcr die Luftqualit\u00e4t fest und verpflichtet die L\u00e4nder bei deren \u00dcberschreitung zu Korrekturpl\u00e4nen - \u00fcberl\u00e4sst aber die Wahl der Instrumente, d. h. Umweltzonen, Geb\u00fchren, Verbote, Einfahrtszeiten, Registrierungen oder Plaketten, den Regierungen und St\u00e4dten. In drei L\u00e4ndern wurden obligatorische Plaketten eingef\u00fchrt, mit denen Lkw in Umweltzonen einfahren d\u00fcrfen.<\/p>\n\n\n\n<h3 class=\"wp-block-heading has-theme-palette-1-color has-text-color has-link-color wp-elements-049814a12721a3c51444449be05d5dba\"><strong>Deutschland (Umweltplakette)<\/strong><\/h3>\n\n\n\n<p>In den St\u00e4dten wurden Umweltzonen eingef\u00fchrt, und die Verpflichtung, f\u00fcr den Zugang zu diesen Zonen einen Ausweis zu besitzen, ergibt sich aus der <em><a href=\"https:\/\/www.gesetze-im-internet.de\/bimschv_35\/\" target=\"_blank\" rel=\"noreferrer noopener\">35. BImSchV<\/a> (Bundes-Immissionsschutzgesetz)<\/em>. Das Fahren ohne gr\u00fcne Plakette ist eine Ordnungswidrigkeit, auch wenn das Fahrzeug die Normen der entsprechenden EURO-Klasse erf\u00fcllt. Die Plakette ist dem Nummernschild zugeordnet und muss an der Windschutzscheibe angebracht werden. Dies wird durch das folgende Zitat, das eine \u00dcbersetzung des offiziellen Gesetzestextes ist, genau veranschaulicht:<\/p>\n\n\n\n<figure class=\"wp-block-pullquote has-text-align-left has-theme-palette-3-color has-theme-palette-9-background-color has-text-color has-background has-link-color wp-elements-ee9549c4c79705f379cc80bb28ba20d9\" style=\"padding-top:0;padding-right:0;padding-bottom:0;padding-left:var(--wp--preset--spacing--30);font-size:12px\"><blockquote><p><strong>(1) F\u00fcr die Kennzeichnung von Kraftfahrzeugen der Schadstoffgruppen 2 bis 4 sind licht- und f\u00e4lschungssichere Einwegplaketten zu verwenden (...). Die Kennzeichnung der betreffenden Gruppe erfolgt durch die auf der Plakette angegebene Nummer der Gruppe und die entsprechenden Farben. Die Farben der Aufkleber sind wie folgt: Gruppe 2 - rot, Gruppe 3 - gelb, Gruppe 4 - gr\u00fcn.<br>(2) Auf der Plakette tr\u00e4gt die zust\u00e4ndige Ausstellungsbeh\u00f6rde an der vorgesehenen Stelle mit einem lichtbest\u00e4ndigen Stift das amtliche Kennzeichen des betreffenden Fahrzeugs ein. Zur Kennzeichnung des Fahrzeugs ist die Plakette gut sichtbar an der Innenseite der Windschutzscheibe anzubringen. Der Aufkleber muss so hergestellt und angebracht werden, dass er zerst\u00f6rt wird, wenn er von der Windschutzscheibe abgezogen wird.<\/strong><\/p><cite><strong>\u00a7 3 Bundes-Immissionsschutzgesetz<\/strong><\/cite><\/blockquote><\/figure>\n\n\n<style>.wp-block-kadence-advancedbtn.kb-btns7788_e72ca1-d0{gap:var(--global-kb-gap-xs, 0.5rem );justify-content:center;align-items:center;}.kt-btns7788_e72ca1-d0 .kt-button{font-weight:normal;font-style:normal;}.kt-btns7788_e72ca1-d0 .kt-btn-wrap-0{margin-right:5px;}.wp-block-kadence-advancedbtn.kt-btns7788_e72ca1-d0 .kt-btn-wrap-0 .kt-button{color:#555555;border-color:#555555;}.wp-block-kadence-advancedbtn.kt-btns7788_e72ca1-d0 .kt-btn-wrap-0 .kt-button:hover, .wp-block-kadence-advancedbtn.kt-btns7788_e72ca1-d0 .kt-btn-wrap-0 .kt-button:focus{color:#ffffff;border-color:#444444;}.wp-block-kadence-advancedbtn.kt-btns7788_e72ca1-d0 .kt-btn-wrap-0 .kt-button::before{display:none;}.wp-block-kadence-advancedbtn.kt-btns7788_e72ca1-d0 .kt-btn-wrap-0 .kt-button:hover, .wp-block-kadence-advancedbtn.kt-btns7788_e72ca1-d0 .kt-btn-wrap-0 .kt-button:focus{background:#444444;}<\/style>\n<div class=\"wp-block-kadence-advancedbtn kb-buttons-wrap kb-btns7788_e72ca1-d0\"><style>ul.menu .wp-block-kadence-advancedbtn .kb-btn7788_852bfc-a7.kb-button{width:initial;}.wp-block-kadence-advancedbtn .kb-btn7788_852bfc-a7.kb-button{box-shadow:15px 15px 5px 0px #12752f;}<\/style><a class=\"kb-button kt-button button kb-btn7788_852bfc-a7 kt-btn-size-standard kt-btn-width-type-auto kb-btn-global-fill  kt-btn-has-text-true kt-btn-has-svg-false  wp-block-kadence-singlebtn\" href=\"mailto:dispo@ekologistyka24.pl\" target=\"_blank\" rel=\"noreferrer noopener\"><span class=\"kt-btn-inner-text\"><strong>EINEN AUFKLEBER F\u00dcR DEUTSCHLAND BESTELLEN<\/strong><\/span><\/a><\/div>\n\n\n\n<h3 class=\"wp-block-heading has-theme-palette-1-color has-text-color has-link-color wp-elements-681555498d75ddd9fa58bf278a6b1086\"><strong>Frankreich (Crit'Air)<\/strong><\/h3>\n\n\n\n<p>Der rechtliche Rahmen hierf\u00fcr ist <em><a href=\"https:\/\/www.legifrance.gouv.fr\/codes\/texte_lc\/LEGITEXT000006074228\/\" target=\"_blank\" rel=\"noreferrer noopener\">Code de la route<\/a> (Stra\u00dfenverkehrsgesetz)<\/em> und Durchf\u00fchrungsvorschriften. Die Gemeinden weisen Umweltzonen (ZFE-m) aus und f\u00fchren \u201edifferenzierte Verkehrsregeln\u201d ein. In der Praxis werden Sie in viele franz\u00f6sische St\u00e4dte nicht ohne die richtige Plakette einfahren. Die Plakette ist dem amtlichen Kennzeichen zugeordnet. Dies geht aus den folgenden Passagen hervor, die aus der offiziellen Gesetzgebung \u00fcbersetzt wurden:<\/p>\n\n\n\n<figure class=\"wp-block-pullquote has-text-align-left has-theme-palette-3-color has-theme-palette-9-background-color has-text-color has-background has-link-color wp-elements-4f58349da720a8d923571a418cd7b6e2\" style=\"padding-top:0;padding-right:0;padding-bottom:0;padding-left:var(--wp--preset--spacing--30);font-size:12px\"><blockquote><p><strong>Kraftfahrzeuge der Klassen <strong>M, N und L<\/strong>, gem\u00e4\u00df der Definition in Art. <strong>R.311-1<\/strong>, identifiziert werden - <strong>wenn ihre Verwendungsbedingungen dies erfordern<\/strong> - mit Hilfe von <strong>gesicherte Vignette<\/strong> bezogen auf \u201e<strong>Qualit\u00e4tszertifikat f\u00fcr Luft<\/strong>\u201d.<br>\u201eDas \u201dCertificat qualit\u00e9 de l'air\" bescheinigt die \u00dcbereinstimmung der Fahrzeuge mit der <strong>einzelne Klassen<\/strong>, bestimmt unter Ber\u00fccksichtigung von <strong>Emissionen von Luftschadstoffen<\/strong> und ihre <strong>Energie-Effizienz<\/strong>. Bei der Einstufung der Fahrzeuge wird insbesondere Folgendes ber\u00fccksichtigt: ihre Klasse im Sinne von Art. <strong>R.311-1<\/strong>, Antriebsart, <strong>technische Normen<\/strong> in Kraft am Tag der <strong>Zulassungen<\/strong> des Fahrzeugs oder am Tag seiner Zulassung <strong>Erstzulassung<\/strong>, so gut wie m\u00f6glich <strong>emissionsmindernde Einrichtungen<\/strong> installiert nach <strong>bei der ersten Inbetriebnahme des Fahrzeugs<\/strong>.<\/strong><\/p><cite><strong>Artikel R318-2 der Stra\u00dfenverkehrsordnung<\/strong><\/cite><\/blockquote><\/figure>\n\n\n\n<p>Informationen \u00fcber den Standort des Aufklebers sind in dem oben genannten Gesetz jedoch kaum zu finden. Dies ist der Grund <em><a href=\"https:\/\/www.legifrance.gouv.fr\/jorf\/id\/JORFTEXT000032795657\" target=\"_blank\" rel=\"noreferrer noopener\">Durchf\u00fchrungsgesetz vom 29. Juni 2016<\/a><\/em>:<\/p>\n\n\n\n<figure class=\"wp-block-pullquote has-text-align-left has-theme-palette-3-color has-theme-palette-9-background-color has-text-color has-background has-link-color wp-elements-c7f4ddb8e7d7e3a2f7ee883bb278d552\" style=\"padding-top:0;padding-right:0;padding-bottom:0;padding-left:var(--wp--preset--spacing--30);font-size:12px\"><blockquote><p><strong><strong>Die Luftqualit\u00e4tsbescheinigung ist an der Vorderseite des Fahrzeugs so anzubringen, dass sie von den Kontrollbeamten von au\u00dfen gelesen werden kann. Insbesondere:<\/strong><br><strong>- f\u00fcr Personenkraftwagen, leichte Nutzfahrzeuge, Lastkraftwagen, Omnibusse und Reisebusse<\/strong> - die Bescheinigung ist anzubringen <strong>im Inneren des Fahrzeugs<\/strong>, Vorderseite <strong>von au\u00dfen sichtbar<\/strong>, <strong>im unteren rechten Teil der Windschutzscheibe<\/strong>;<\/strong><\/p><cite><strong>Artikel 3 des Durchf\u00fchrungsgesetzes vom 29. Juni 2016<\/strong><\/cite><\/blockquote><\/figure>\n\n\n<style>.wp-block-kadence-advancedbtn.kb-btns7788_eac36d-33{gap:var(--global-kb-gap-xs, 0.5rem );justify-content:center;align-items:center;}.kt-btns7788_eac36d-33 .kt-button{font-weight:normal;font-style:normal;}.kt-btns7788_eac36d-33 .kt-btn-wrap-0{margin-right:5px;}.wp-block-kadence-advancedbtn.kt-btns7788_eac36d-33 .kt-btn-wrap-0 .kt-button{color:#555555;border-color:#555555;}.wp-block-kadence-advancedbtn.kt-btns7788_eac36d-33 .kt-btn-wrap-0 .kt-button:hover, .wp-block-kadence-advancedbtn.kt-btns7788_eac36d-33 .kt-btn-wrap-0 .kt-button:focus{color:#ffffff;border-color:#444444;}.wp-block-kadence-advancedbtn.kt-btns7788_eac36d-33 .kt-btn-wrap-0 .kt-button::before{display:none;}.wp-block-kadence-advancedbtn.kt-btns7788_eac36d-33 .kt-btn-wrap-0 .kt-button:hover, .wp-block-kadence-advancedbtn.kt-btns7788_eac36d-33 .kt-btn-wrap-0 .kt-button:focus{background:#444444;}<\/style>\n<div class=\"wp-block-kadence-advancedbtn kb-buttons-wrap kb-btns7788_eac36d-33\"><style>ul.menu .wp-block-kadence-advancedbtn .kb-btn7788_6dbe98-cb.kb-button{width:initial;}.wp-block-kadence-advancedbtn .kb-btn7788_6dbe98-cb.kb-button{box-shadow:15px 15px 5px 0px #12752f;}<\/style><a class=\"kb-button kt-button button kb-btn7788_6dbe98-cb kt-btn-size-standard kt-btn-width-type-auto kb-btn-global-fill  kt-btn-has-text-true kt-btn-has-svg-false  wp-block-kadence-singlebtn\" href=\"mailto:dispo@ekologistyka24.pl\" target=\"_blank\" rel=\"noreferrer noopener\"><span class=\"kt-btn-inner-text\"><strong>EINEN AUFKLEBER F\u00dcR FRANKREICH BESTELLEN<\/strong><\/span><\/a><\/div>\n\n\n\n<h3 class=\"wp-block-heading has-theme-palette-1-color has-text-color has-link-color wp-elements-055db2287054a0f2bb27f62754f33bfe\"><strong>\u00d6sterreich (Abgasplakette, IG-L)<\/strong><\/h3>\n\n\n\n<p>Die L\u00e4nder richten Umweltzonen ein auf der Grundlage von <em><a href=\"https:\/\/www.ris.bka.gv.at\/GeltendeFassung.wxe?Abfrage=Bundesnormen&amp;Gesetzesnummer=10011027\" target=\"_blank\" rel=\"noreferrer noopener\">Immissionsschutzgesetz-Luft (IG-L)<\/a> (Immissionsschutzgesetze)<\/em> und die AbgKlassV. F\u00fcr Lastkraftwagen ist nur die \u00f6sterreichische Plakette erforderlich, die der VIN des Fahrzeugs zugeordnet ist. Dieses Erfordernis wird durch das folgende Zitat verdeutlicht, bei dem es sich um einen f\u00fcr die Zwecke dieses Artikels \u00fcbersetzten Auszug aus dem oben genannten Gesetz handelt:<\/p>\n\n\n\n<figure class=\"wp-block-pullquote has-text-align-left has-theme-palette-3-color has-theme-palette-9-background-color has-text-color has-background has-link-color wp-elements-7b89403f68f2baf4518e015f374d27f3\" style=\"padding-top:0;padding-right:0;padding-bottom:0;padding-left:var(--wp--preset--spacing--30);font-size:12px\"><blockquote><p><strong><strong><strong>(1)<\/strong> An Kraftfahrzeugen sind (...) anzubringen <strong>\u00e4u\u00dferlich erkennbare Kennzeichnung<\/strong>, die zeigt, zu welcher <strong>Emissionsklassen<\/strong> das betreffende Fahrzeug (...). Diese Bezeichnung erfolgt in Form von <strong>Aufkleber<\/strong> setzen. <strong>auf der Innenseite der Windschutzscheibe<\/strong> (\u2026), <strong>dauerhaft<\/strong> i <strong>von au\u00dfen gut lesbar<\/strong>; (...). Aus der Bezeichnung der Abgasklasse muss es m\u00f6glich sein <strong>Identifizierung des Fahrzeugs<\/strong>.<br><strong>(2)<\/strong> Emissionsklassenbezeichnung Orte <strong>Fahrzeughersteller<\/strong> oder seine <strong>nationaler Bevollm\u00e4chtigter<\/strong> gem\u00e4\u00df \u00a7 29 (2) KFG 1967 bei der <strong>das Inverkehrbringen von Neufahrzeugen<\/strong>, oder es ist <strong>platziert oder ausgegeben<\/strong> durch Einrichtungen <strong>genehmigt gem\u00e4\u00df \u00a7 57a KFG 1967<\/strong>, falls zutreffend <strong>Nachweis von Emissionsklassen<\/strong>, zu dem das Fahrzeug geh\u00f6rt. Wenn <strong>es kann nicht schl\u00fcssig nachgewiesen werden<\/strong>, zu welcher Emissionsklasse das Fahrzeug geh\u00f6rt <strong>eine niedrigere Klassenbezeichnung vergeben<\/strong>, und wenn <strong>ist nicht klar<\/strong>, ob das Fahrzeug \u00fcberhaupt einer Emissionseinstufung unterliegt, sollten Sie <strong>die Erteilung oder Anbringung einer Marke verweigern<\/strong>.<\/strong><\/strong><\/p><cite><strong>\u00a7 14a.<em>Immissionsschutzgesetze<\/em><\/strong><\/cite><\/blockquote><\/figure>\n\n\n<style>.wp-block-kadence-advancedbtn.kb-btns7788_d71a9a-a4{gap:var(--global-kb-gap-xs, 0.5rem );justify-content:center;align-items:center;}.kt-btns7788_d71a9a-a4 .kt-button{font-weight:normal;font-style:normal;}.kt-btns7788_d71a9a-a4 .kt-btn-wrap-0{margin-right:5px;}.wp-block-kadence-advancedbtn.kt-btns7788_d71a9a-a4 .kt-btn-wrap-0 .kt-button{color:#555555;border-color:#555555;}.wp-block-kadence-advancedbtn.kt-btns7788_d71a9a-a4 .kt-btn-wrap-0 .kt-button:hover, .wp-block-kadence-advancedbtn.kt-btns7788_d71a9a-a4 .kt-btn-wrap-0 .kt-button:focus{color:#ffffff;border-color:#444444;}.wp-block-kadence-advancedbtn.kt-btns7788_d71a9a-a4 .kt-btn-wrap-0 .kt-button::before{display:none;}.wp-block-kadence-advancedbtn.kt-btns7788_d71a9a-a4 .kt-btn-wrap-0 .kt-button:hover, .wp-block-kadence-advancedbtn.kt-btns7788_d71a9a-a4 .kt-btn-wrap-0 .kt-button:focus{background:#444444;}<\/style>\n<div class=\"wp-block-kadence-advancedbtn kb-buttons-wrap kb-btns7788_d71a9a-a4\"><style>ul.menu .wp-block-kadence-advancedbtn .kb-btn7788_b2c828-bb.kb-button{width:initial;}.wp-block-kadence-advancedbtn .kb-btn7788_b2c828-bb.kb-button{box-shadow:15px 15px 5px 0px #12752f;}<\/style><a class=\"kb-button kt-button button kb-btn7788_b2c828-bb kt-btn-size-standard kt-btn-width-type-auto kb-btn-global-fill  kt-btn-has-text-true kt-btn-has-svg-false  wp-block-kadence-singlebtn\" href=\"mailto:dispo@ekologistyka24.pl\" target=\"_blank\" rel=\"noreferrer noopener\"><span class=\"kt-btn-inner-text\"><strong>EINEN AUFKLEBER F\u00dcR \u00d6STERREICH BESTELLEN<\/strong><\/span><\/a><\/div>\n\n\n<style>.wp-block-kadence-column.kb-section-dir-horizontal > .kt-inside-inner-col > .kt-info-box7788_69664d-09 .kt-blocks-info-box-link-wrap{max-width:unset;}.kt-info-box7788_69664d-09 .kt-blocks-info-box-link-wrap{border-top:3px solid var(--global-palette2, #2B6CB0);border-right:3px solid var(--global-palette2, #2B6CB0);border-bottom:3px solid var(--global-palette2, #2B6CB0);border-left:3px solid var(--global-palette2, #2B6CB0);background:#ffffff;padding-top:var(--global-kb-spacing-sm, 1.5rem);padding-right:var(--global-kb-spacing-sm, 1.5rem);padding-bottom:var(--global-kb-spacing-sm, 1.5rem);padding-left:var(--global-kb-spacing-sm, 1.5rem);margin-top:50px;}.kt-info-box7788_69664d-09 .kadence-info-box-icon-container .kt-info-svg-icon, .kt-info-box7788_69664d-09 .kt-info-svg-icon-flip, .kt-info-box7788_69664d-09 .kt-blocks-info-box-number{font-size:50px;}.kt-info-box7788_69664d-09 .kt-blocks-info-box-media{color:var(--global-palette1, #3182CE);background:#ffffff;border-color:var(--global-palette9, #ffffff);border-top-width:5px;border-right-width:5px;border-bottom-width:5px;border-left-width:5px;padding-top:20px;padding-right:20px;padding-bottom:20px;padding-left:20px;}.kt-info-box7788_69664d-09 .kt-blocks-info-box-media-container{margin-top:-75px;margin-right:0px;margin-bottom:20px;margin-left:0px;}.kt-info-box7788_69664d-09 .kt-blocks-info-box-link-wrap:hover .kt-blocks-info-box-media{color:var(--global-palette1, #3182CE);}.kt-info-box7788_69664d-09 .kt-infobox-textcontent h2.kt-blocks-info-box-title{color:var(--global-palette1, #3182CE);padding-top:0px;padding-right:0px;padding-bottom:0px;padding-left:0px;margin-top:5px;margin-right:0px;margin-bottom:10px;margin-left:0px;}.kt-info-box7788_69664d-09 .kt-blocks-info-box-learnmore{background:transparent;border-width:0px 0px 0px 0px;padding-top:4px;padding-right:8px;padding-bottom:4px;padding-left:8px;margin-top:10px;margin-right:0px;margin-bottom:10px;margin-left:0px;}@media all and (max-width: 1024px){.kt-info-box7788_69664d-09 .kt-blocks-info-box-link-wrap{border-top:3px solid var(--global-palette2, #2B6CB0);border-right:3px solid var(--global-palette2, #2B6CB0);border-bottom:3px solid var(--global-palette2, #2B6CB0);border-left:3px solid var(--global-palette2, #2B6CB0);}}@media all and (max-width: 767px){.kt-info-box7788_69664d-09 .kt-blocks-info-box-link-wrap{border-top:3px solid var(--global-palette2, #2B6CB0);border-right:3px solid var(--global-palette2, #2B6CB0);border-bottom:3px solid var(--global-palette2, #2B6CB0);border-left:3px solid var(--global-palette2, #2B6CB0);}}<\/style>\n<div class=\"wp-block-kadence-infobox kt-info-box7788_69664d-09\"><span class=\"kt-blocks-info-box-link-wrap info-box-link kt-blocks-info-box-media-align-top kt-info-halign-left\"><div class=\"kt-blocks-info-box-media-container\"><div class=\"kt-blocks-info-box-media kt-info-media-animate-flip\"><div class=\"kadence-info-box-icon-container kt-info-icon-animate-flip\"><div class=\"kadence-info-box-icon-inner-container\"><span class=\"kb-svg-icon-wrap kb-svg-icon-fe_alertCircle kt-info-svg-icon\"><svg viewbox=\"0 0 24 24\"  fill=\"none\" stroke=\"currentColor\" stroke-width=\"2\" stroke-linecap=\"round\" stroke-linejoin=\"round\" xmlns=\"http:\/\/www.w3.org\/2000\/svg\"  aria-hidden=\"true\"><circle cx=\"12\" cy=\"12\" r=\"10\"\/><line x1=\"12\" y1=\"8\" x2=\"12\" y2=\"12\"\/><line x1=\"12\" y1=\"16\" x2=\"12\" y2=\"16\"\/><\/svg><\/span><span class=\"kb-svg-icon-wrap kb-svg-icon-fas_exclamation kt-info-svg-icon-flip\"><svg viewbox=\"0 0 192 512\"  fill=\"currentColor\" xmlns=\"http:\/\/www.w3.org\/2000\/svg\"  aria-hidden=\"true\"><path d=\"M176 432c0 44.112-35.888 80-80 80s-80-35.888-80-80 35.888-80 80-80 80 35.888 80 80zM25.26 25.199l13.6 272C39.499 309.972 50.041 320 62.83 320h66.34c12.789 0 23.331-10.028 23.97-22.801l13.6-272C167.425 11.49 156.496 0 142.77 0H49.23C35.504 0 24.575 11.49 25.26 25.199z\"\/><\/svg><\/span><\/div><\/div><\/div><\/div><div class=\"kt-infobox-textcontent\"><h2 class=\"kt-blocks-info-box-title\"><strong>Wie hoch ist die Strafe f\u00fcr das Fehlen eines Aufklebers?<\/strong><\/h2><p class=\"kt-blocks-info-box-text\"><strong>Deutschland:<\/strong> das Betreten oder Parken in der Umweltzone ohne Umweltplakette - in Berlin z.B. wird dies mit einem Bu\u00dfgeld belegt <strong>100\u20ac<\/strong><br><strong>Frankreich:<\/strong> Sich im ZFE-m-Gebiet ohne eine ordnungsgem\u00e4\u00dfe Crit'Air-Plakette zu bewegen, ist immer ein <strong>135 \u20ac<\/strong> f\u00fcr schwere Lastkraftwagen<br><strong>\u00d6sterreich:<\/strong> das Betreten der IG-L-Zone ohne ordnungsgem\u00e4\u00dfe Plakette oder entgegen dem Verbot wird mit einem Bu\u00dfgeld geahndet <strong>bis zu 2.180 Euro<\/strong> (dieser Betrag ergibt sich direkt aus dem oben zitierten Gesetz)<\/p><\/div><\/span><\/div>\n\n\n\n<p><em>Quellen: <a href=\"https:\/\/www.berlin.de\/sen\/uvk\/umwelt\/luft\/luftreinhaltung\/umweltzone\/fahrzeug-plakette\/\" target=\"_blank\" rel=\"noreferrer noopener\">berlin.de<\/a>, <a href=\"https:\/\/www.strasbourg.eu\/faq-en-savoir-plus-sur-la-zfe\" target=\"_blank\" rel=\"noreferrer noopener\">strasbourg.eu<\/a><\/em><\/p>\n\n\n\n<h2 class=\"wp-block-heading has-theme-palette-1-color has-text-color has-link-color wp-elements-336b3ed162c94b81777958822641ac58\"><strong>Warum unseren Dienst nutzen<\/strong><\/h2>\n\n\n<style>.wp-block-kadence-iconlist.kt-svg-icon-list-items7788_1253f1-e5:not(.this-stops-third-party-issues){margin-top:0px;margin-bottom:0px;}.wp-block-kadence-iconlist.kt-svg-icon-list-items7788_1253f1-e5 ul.kt-svg-icon-list:not(.this-prevents-issues):not(.this-stops-third-party-issues):not(.tijsloc){margin-top:0px;margin-right:0px;margin-bottom:var(--global-kb-spacing-sm, 1.5rem);margin-left:0px;}.wp-block-kadence-iconlist.kt-svg-icon-list-items7788_1253f1-e5 ul.kt-svg-icon-list{grid-row-gap:5px;}.wp-block-kadence-iconlist.kt-svg-icon-list-items7788_1253f1-e5 .kb-svg-icon-wrap{font-size:30px;color:var(--global-palette1, #3182CE);}.wp-block-kadence-iconlist.kt-svg-icon-list-items7788_1253f1-e5 ul.kt-svg-icon-list .kt-svg-icon-list-item-wrap .kt-svg-icon-list-single{margin-right:10px;}.kt-svg-icon-list-items7788_1253f1-e5 ul.kt-svg-icon-list .kt-svg-icon-list-level-0 .kt-svg-icon-list-single svg{font-size:20px;}<\/style>\n<div class=\"wp-block-kadence-iconlist kt-svg-icon-list-items kt-svg-icon-list-items7788_1253f1-e5 kt-svg-icon-list-columns-1 alignnone\"><ul class=\"kt-svg-icon-list\"><style>.kt-svg-icon-list-item-7788_65489c-e3 .kt-svg-icon-list-text mark.kt-highlight{background-color:unset;font-style:normal;color:#f76a0c;-webkit-box-decoration-break:clone;box-decoration-break:clone;padding-top:0px;padding-right:0px;padding-bottom:0px;padding-left:0px;}<\/style>\n<li class=\"wp-block-kadence-listitem kt-svg-icon-list-item-wrap kt-svg-icon-list-item-7788_65489c-e3\"><span class=\"kb-svg-icon-wrap kb-svg-icon-fas_thumbs-up kt-svg-icon-list-single\"><svg viewbox=\"0 0 512 512\"  fill=\"currentColor\" xmlns=\"http:\/\/www.w3.org\/2000\/svg\"  aria-hidden=\"true\"><path d=\"M104 224H24c-13.255 0-24 10.745-24 24v240c0 13.255 10.745 24 24 24h80c13.255 0 24-10.745 24-24V248c0-13.255-10.745-24-24-24zM64 472c-13.255 0-24-10.745-24-24s10.745-24 24-24 24 10.745 24 24-10.745 24-24 24zM384 81.452c0 42.416-25.97 66.208-33.277 94.548h101.723c33.397 0 59.397 27.746 59.553 58.098.084 17.938-7.546 37.249-19.439 49.197l-.11.11c9.836 23.337 8.237 56.037-9.308 79.469 8.681 25.895-.069 57.704-16.382 74.757 4.298 17.598 2.244 32.575-6.148 44.632C440.202 511.587 389.616 512 346.839 512l-2.845-.001c-48.287-.017-87.806-17.598-119.56-31.725-15.957-7.099-36.821-15.887-52.651-16.178-6.54-.12-11.783-5.457-11.783-11.998v-213.77c0-3.2 1.282-6.271 3.558-8.521 39.614-39.144 56.648-80.587 89.117-113.111 14.804-14.832 20.188-37.236 25.393-58.902C282.515 39.293 291.817 0 312 0c24 0 72 8 72 81.452z\"\/><\/svg><\/span><span class=\"kt-svg-icon-list-text\">Wir verwenden nur legitime Quellen - Sie k\u00f6nnen also sicher sein, dass die von Ihnen erworbenen Aufkleber in Ihrem Land anerkannt werden.<\/span><\/li>\n\n\n<style>.kt-svg-icon-list-item-7788_9f0cc9-e3 .kt-svg-icon-list-text mark.kt-highlight{background-color:unset;font-style:normal;color:#f76a0c;-webkit-box-decoration-break:clone;box-decoration-break:clone;padding-top:0px;padding-right:0px;padding-bottom:0px;padding-left:0px;}<\/style>\n<li class=\"wp-block-kadence-listitem kt-svg-icon-list-item-wrap kt-svg-icon-list-item-7788_9f0cc9-e3\"><span class=\"kb-svg-icon-wrap kb-svg-icon-fas_search kt-svg-icon-list-single\"><svg viewbox=\"0 0 512 512\"  fill=\"currentColor\" xmlns=\"http:\/\/www.w3.org\/2000\/svg\"  aria-hidden=\"true\"><path d=\"M505 442.7L405.3 343c-4.5-4.5-10.6-7-17-7H372c27.6-35.3 44-79.7 44-128C416 93.1 322.9 0 208 0S0 93.1 0 208s93.1 208 208 208c48.3 0 92.7-16.4 128-44v16.3c0 6.4 2.5 12.5 7 17l99.7 99.7c9.4 9.4 24.6 9.4 33.9 0l28.3-28.3c9.4-9.4 9.4-24.6.1-34zM208 336c-70.7 0-128-57.2-128-128 0-70.7 57.2-128 128-128 70.7 0 128 57.2 128 128 0 70.7-57.2 128-128 128z\"\/><\/svg><\/span><span class=\"kt-svg-icon-list-text\">Wir \u00fcberpr\u00fcfen die aktuellen Vorschriften und informieren Sie \u00fcber wichtige \u00c4nderungen - niemand tappt gerne im Dunkeln. Mit uns haben Sie die Gewissheit, dass Sie alle Anforderungen erf\u00fcllen.<\/span><\/li>\n\n\n<style>.kt-svg-icon-list-item-7788_e5b78c-c7 .kt-svg-icon-list-text mark.kt-highlight{background-color:unset;font-style:normal;color:#f76a0c;-webkit-box-decoration-break:clone;box-decoration-break:clone;padding-top:0px;padding-right:0px;padding-bottom:0px;padding-left:0px;}<\/style>\n<li class=\"wp-block-kadence-listitem kt-svg-icon-list-item-wrap kt-svg-icon-list-item-7788_e5b78c-c7\"><span class=\"kb-svg-icon-wrap kb-svg-icon-fas_folder-open kt-svg-icon-list-single\"><svg viewbox=\"0 0 576 512\"  fill=\"currentColor\" xmlns=\"http:\/\/www.w3.org\/2000\/svg\"  aria-hidden=\"true\"><path d=\"M572.694 292.093L500.27 416.248A63.997 63.997 0 0 1 444.989 448H45.025c-18.523 0-30.064-20.093-20.731-36.093l72.424-124.155A64 64 0 0 1 152 256h399.964c18.523 0 30.064 20.093 20.73 36.093zM152 224h328v-48c0-26.51-21.49-48-48-48H272l-64-64H48C21.49 64 0 85.49 0 112v278.046l69.077-118.418C86.214 242.25 117.989 224 152 224z\"\/><\/svg><\/span><span class=\"kt-svg-icon-list-text\">Umfassender Service - Sie brauchen nichts weiter zu tun, als uns die erforderlichen Daten zu \u00fcbermitteln. Wir \u00fcbernehmen die Umsetzung von A bis Z.<\/span><\/li>\n<\/ul><\/div>\n\n\n<style>.wp-block-kadence-column.kb-section-dir-horizontal > .kt-inside-inner-col > .kt-info-box7788_e858ff-58 .kt-blocks-info-box-link-wrap{max-width:unset;}.kt-info-box7788_e858ff-58 .kt-blocks-info-box-link-wrap{border-top:5px solid var(--global-palette1, #3182CE);border-right:5px solid var(--global-palette1, #3182CE);border-bottom:5px solid var(--global-palette1, #3182CE);border-left:5px solid var(--global-palette1, #3182CE);border-top-left-radius:30px;border-top-right-radius:30px;border-bottom-right-radius:30px;border-bottom-left-radius:30px;background:#ffffff;padding-top:var(--global-kb-spacing-xs, 1rem);padding-right:var(--global-kb-spacing-xs, 1rem);padding-bottom:var(--global-kb-spacing-xs, 1rem);padding-left:var(--global-kb-spacing-xs, 1rem);}.kt-info-box7788_e858ff-58 .kadence-info-box-icon-container .kt-info-svg-icon, .kt-info-box7788_e858ff-58 .kt-info-svg-icon-flip, .kt-info-box7788_e858ff-58 .kt-blocks-info-box-number{font-size:40px;}.kt-info-box7788_e858ff-58 .kt-blocks-info-box-media{color:var(--global-palette1, #3182CE);border-color:var(--global-palette1, #3182CE);border-radius:5px;overflow:hidden;border-top-width:0px;border-right-width:0px;border-bottom-width:0px;border-left-width:0px;padding-top:20px;padding-right:20px;padding-bottom:20px;padding-left:20px;margin-top:0px;margin-right:20px;margin-bottom:0px;margin-left:0px;}.kt-info-box7788_e858ff-58 .kt-blocks-info-box-media .kadence-info-box-image-intrisic img{border-radius:5px;}.kt-info-box7788_e858ff-58 .kt-infobox-textcontent h2.kt-blocks-info-box-title{color:var(--global-palette3, #1A202C);font-size:22px;padding-top:0px;padding-right:0px;padding-bottom:0px;padding-left:0px;margin-top:5px;margin-right:0px;margin-bottom:10px;margin-left:0px;}.kt-info-box7788_e858ff-58 .kt-infobox-textcontent .kt-blocks-info-box-text{color:var(--global-palette3, #1A202C);}.wp-block-kadence-infobox.kt-info-box7788_e858ff-58 .kt-blocks-info-box-text{font-size:16px;}.kt-info-box7788_e858ff-58 .kt-blocks-info-box-learnmore{background:transparent;border-width:0px 0px 0px 0px;padding-top:4px;padding-right:8px;padding-bottom:4px;padding-left:8px;margin-top:10px;margin-right:0px;margin-bottom:10px;margin-left:0px;}@media all and (max-width: 1024px){.kt-info-box7788_e858ff-58 .kt-blocks-info-box-link-wrap{border-top:5px solid var(--global-palette1, #3182CE);border-right:5px solid var(--global-palette1, #3182CE);border-bottom:5px solid var(--global-palette1, #3182CE);border-left:5px solid var(--global-palette1, #3182CE);}}@media all and (max-width: 767px){.kt-info-box7788_e858ff-58 .kt-blocks-info-box-link-wrap{border-top:5px solid var(--global-palette1, #3182CE);border-right:5px solid var(--global-palette1, #3182CE);border-bottom:5px solid var(--global-palette1, #3182CE);border-left:5px solid var(--global-palette1, #3182CE);}}<\/style>\n<div class=\"wp-block-kadence-infobox kt-info-box7788_e858ff-58\"><span class=\"kt-blocks-info-box-link-wrap info-box-link kt-blocks-info-box-media-align-left kt-info-halign-left\"><div class=\"kt-blocks-info-box-media-container\"><div class=\"kt-blocks-info-box-media kt-info-media-animate-none\"><div class=\"kadence-info-box-icon-container kt-info-icon-animate-none\"><div class=\"kadence-info-box-icon-inner-container\"><span class=\"kb-svg-icon-wrap kb-svg-icon-ic_document kt-info-svg-icon\"><svg viewbox=\"0 0 8 8\"  fill=\"currentColor\" xmlns=\"http:\/\/www.w3.org\/2000\/svg\"  aria-hidden=\"true\"><path d=\"M0 0v8h7v-4h-4v-4h-3zm4 0v3h3l-3-3zm-3 2h1v1h-1v-1zm0 2h1v1h-1v-1zm0 2h4v1h-4v-1z\"\/><\/svg><\/span><\/div><\/div><\/div><\/div><div class=\"kt-infobox-textcontent\"><h2 class=\"kt-blocks-info-box-title\"><strong>Das Fehlen von Aufklebern ist es einfach nicht wert<\/strong><\/h2><p class=\"kt-blocks-info-box-text\"><strong><strong>Bestellen Sie bei uns eine Umweltplakette f\u00fcr \u00d6sterreich, Deutschland oder Frankreich<\/strong>. Rufen Sie an oder schreiben Sie noch heute:<\/strong><br><strong><a href=\"mailto:e.nadolna@ekologistyka24.pl\">e.nadolna@ekologistyka24.pl&nbsp;<\/a>,&nbsp;<a href=\"tel:+48881045376\">+48<\/a>&nbsp;<a href=\"tel:+48881045376\">881 045 376<\/a><br><a href=\"mailto:j.blazewicz@ekologistyka24.pl\">j.blazewicz@ekologistyka24.pl&nbsp;<\/a>,&nbsp;<a href=\"tel:+48500867153\">+48 500 867 153<\/a><\/strong><\/p><\/div><\/span><\/div>","protected":false},"excerpt":{"rendered":"<p>Bei der Abfallbef\u00f6rderung kommt es auf den reibungslosen Ablauf an. Umwege verl\u00e4ngern die Strecke, so dass die Fahrer Verz\u00f6gerungen bei der Lieferung riskieren. Deshalb entscheiden sie sich immer h\u00e4ufiger daf\u00fcr, durch die Stadt zu fahren, anstatt an den Stadtrand. Doch hier kommen die Umweltzonen ins Spiel. F\u00fcr jede dieser Zonen ist eine Umweltplakette erforderlich - ohne sie riskiert man Bu\u00dfgelder, Stopps und Nerven. Deshalb nehmen wir es selbst in die Hand: Wir bestellen die Umweltplakette (DE),...<\/p>","protected":false},"author":2,"featured_media":7794,"comment_status":"closed","ping_status":"open","sticky":false,"template":"","format":"standard","meta":{"_acf_changed":false,"_kad_blocks_custom_css":"","_kad_blocks_head_custom_js":"","_kad_blocks_body_custom_js":"","_kad_blocks_footer_custom_js":"","_kad_post_transparent":"","_kad_post_title":"","_kad_post_layout":"","_kad_post_sidebar_id":"","_kad_post_content_style":"","_kad_post_vertical_padding":"","_kad_post_feature":"","_kad_post_feature_position":"","_kad_post_header":false,"_kad_post_footer":false,"_kad_post_classname":"","footnotes":""},"categories":[12,6,14],"tags":[270,269,267,37,18,268],"class_list":["post-7788","post","type-post","status-publish","format-standard","has-post-thumbnail","hentry","category-biznes-i-inwestycje","category-odpady","category-warte-uwagi","tag-abgasplakette","tag-critair","tag-naklejka-ekologiczna","tag-pozwolenie-na-transport-odpadow","tag-transport-odpadow","tag-umweltplakette"],"acf":[],"yoast_head":"<!-- This site is optimized with the Yoast SEO plugin v27.4 - https:\/\/yoast.com\/product\/yoast-seo-wordpress\/ -->\n<title>Naklejka ekologiczna na Niemcy, Francj\u0119 i Austri\u0119: z\u0142\u00f3\u017c zam\u00f3wienie<\/title>\n<meta name=\"description\" content=\"Naklejka ekologiczna w Niemczech, Francji i Austrii to obowi\u0105zkowe oznaczenie. Zam\u00f3w u nas \u2014 szybka realizacja, oficjalne kana\u0142y\" \/>\n<meta name=\"robots\" content=\"index, follow, max-snippet:-1, max-image-preview:large, max-video-preview:-1\" \/>\n<link rel=\"canonical\" href=\"https:\/\/ekologistyka24.pl\/de\/umweltplakette-de-at-fr-bestellen\/\" \/>\n<meta property=\"og:locale\" content=\"de_DE\" \/>\n<meta property=\"og:type\" content=\"article\" \/>\n<meta property=\"og:title\" content=\"Naklejka ekologiczna na Niemcy, Francj\u0119 i Austri\u0119: z\u0142\u00f3\u017c zam\u00f3wienie\" \/>\n<meta property=\"og:description\" content=\"Naklejka ekologiczna w Niemczech, Francji i Austrii to obowi\u0105zkowe oznaczenie. Zam\u00f3w u nas \u2014 szybka realizacja, oficjalne kana\u0142y\" \/>\n<meta property=\"og:url\" content=\"https:\/\/ekologistyka24.pl\/de\/umweltplakette-de-at-fr-bestellen\/\" \/>\n<meta property=\"og:site_name\" content=\"EKOlogistyka24 - przew\u00f3z odpad\u00f3w i pozwolenia na transport\" \/>\n<meta property=\"article:publisher\" content=\"https:\/\/www.facebook.com\/profile.php?id=100058909846099\" \/>\n<meta property=\"article:published_time\" content=\"2025-10-27T09:34:46+00:00\" \/>\n<meta property=\"article:modified_time\" content=\"2025-10-27T09:48:48+00:00\" \/>\n<meta property=\"og:image\" content=\"https:\/\/ekologistyka24.pl\/wp-content\/uploads\/2025\/10\/naklejka-ekologiczna-Austria-Niemcy-Francja.webp\" \/>\n\t<meta property=\"og:image:width\" content=\"1792\" \/>\n\t<meta property=\"og:image:height\" content=\"1024\" \/>\n\t<meta property=\"og:image:type\" content=\"image\/webp\" \/>\n<meta name=\"author\" content=\"Pawe\u0142 Makowski\" \/>\n<meta name=\"twitter:card\" content=\"summary_large_image\" \/>\n<meta name=\"twitter:label1\" content=\"Verfasst von\" \/>\n\t<meta name=\"twitter:data1\" content=\"Pawe\u0142 Makowski\" \/>\n\t<meta name=\"twitter:label2\" content=\"Gesch\u00e4tzte Lesezeit\" \/>\n\t<meta name=\"twitter:data2\" content=\"4\u00a0Minuten\" \/>\n<script type=\"application\/ld+json\" class=\"yoast-schema-graph\">{\"@context\":\"https:\\\/\\\/schema.org\",\"@graph\":[{\"@type\":\"Article\",\"@id\":\"https:\\\/\\\/ekologistyka24.pl\\\/naklejka-ekologiczna-de-at-fr-zamow\\\/#article\",\"isPartOf\":{\"@id\":\"https:\\\/\\\/ekologistyka24.pl\\\/naklejka-ekologiczna-de-at-fr-zamow\\\/\"},\"author\":{\"name\":\"Pawe\u0142 Makowski\",\"@id\":\"https:\\\/\\\/ekologistyka24.pl\\\/#\\\/schema\\\/person\\\/3edc7b052d1e9cb4b9b4976b13e35fda\"},\"headline\":\"Naklejka ekologiczna dla ci\u0119\u017car\u00f3wek &#8211; Niemcy, Francja, Austria. Zam\u00f3w legalnie\",\"datePublished\":\"2025-10-27T09:34:46+00:00\",\"dateModified\":\"2025-10-27T09:48:48+00:00\",\"mainEntityOfPage\":{\"@id\":\"https:\\\/\\\/ekologistyka24.pl\\\/naklejka-ekologiczna-de-at-fr-zamow\\\/\"},\"wordCount\":1179,\"publisher\":{\"@id\":\"https:\\\/\\\/ekologistyka24.pl\\\/#organization\"},\"image\":{\"@id\":\"https:\\\/\\\/ekologistyka24.pl\\\/naklejka-ekologiczna-de-at-fr-zamow\\\/#primaryimage\"},\"thumbnailUrl\":\"https:\\\/\\\/ekologistyka24.pl\\\/wp-content\\\/uploads\\\/2025\\\/10\\\/naklejka-ekologiczna-Austria-Niemcy-Francja.webp\",\"keywords\":[\"Abgasplakette\",\"Crit'Air\",\"naklejka ekologiczna\",\"pozwolenie na transport odpad\u00f3w\",\"transport odpad\u00f3w\",\"Umweltplakette\"],\"articleSection\":[\"Biznes i Inwestycje\",\"Odpady\",\"Warte uwagi\"],\"inLanguage\":\"de\"},{\"@type\":\"WebPage\",\"@id\":\"https:\\\/\\\/ekologistyka24.pl\\\/naklejka-ekologiczna-de-at-fr-zamow\\\/\",\"url\":\"https:\\\/\\\/ekologistyka24.pl\\\/naklejka-ekologiczna-de-at-fr-zamow\\\/\",\"name\":\"Naklejka ekologiczna na Niemcy, Francj\u0119 i Austri\u0119: z\u0142\u00f3\u017c zam\u00f3wienie\",\"isPartOf\":{\"@id\":\"https:\\\/\\\/ekologistyka24.pl\\\/#website\"},\"primaryImageOfPage\":{\"@id\":\"https:\\\/\\\/ekologistyka24.pl\\\/naklejka-ekologiczna-de-at-fr-zamow\\\/#primaryimage\"},\"image\":{\"@id\":\"https:\\\/\\\/ekologistyka24.pl\\\/naklejka-ekologiczna-de-at-fr-zamow\\\/#primaryimage\"},\"thumbnailUrl\":\"https:\\\/\\\/ekologistyka24.pl\\\/wp-content\\\/uploads\\\/2025\\\/10\\\/naklejka-ekologiczna-Austria-Niemcy-Francja.webp\",\"datePublished\":\"2025-10-27T09:34:46+00:00\",\"dateModified\":\"2025-10-27T09:48:48+00:00\",\"description\":\"Naklejka ekologiczna w Niemczech, Francji i Austrii to obowi\u0105zkowe oznaczenie. Zam\u00f3w u nas \u2014 szybka realizacja, oficjalne kana\u0142y\",\"inLanguage\":\"de\",\"potentialAction\":[{\"@type\":\"ReadAction\",\"target\":[\"https:\\\/\\\/ekologistyka24.pl\\\/naklejka-ekologiczna-de-at-fr-zamow\\\/\"]}]},{\"@type\":\"ImageObject\",\"inLanguage\":\"de\",\"@id\":\"https:\\\/\\\/ekologistyka24.pl\\\/naklejka-ekologiczna-de-at-fr-zamow\\\/#primaryimage\",\"url\":\"https:\\\/\\\/ekologistyka24.pl\\\/wp-content\\\/uploads\\\/2025\\\/10\\\/naklejka-ekologiczna-Austria-Niemcy-Francja.webp\",\"contentUrl\":\"https:\\\/\\\/ekologistyka24.pl\\\/wp-content\\\/uploads\\\/2025\\\/10\\\/naklejka-ekologiczna-Austria-Niemcy-Francja.webp\",\"width\":1792,\"height\":1024,\"caption\":\"naklejka ekologiczna Austria Niemcy Francja\"},{\"@type\":\"WebSite\",\"@id\":\"https:\\\/\\\/ekologistyka24.pl\\\/#website\",\"url\":\"https:\\\/\\\/ekologistyka24.pl\\\/\",\"name\":\"EKOlogistyka24 - przew\u00f3z odpad\u00f3w i pozwolenia na transport\",\"description\":\"\",\"publisher\":{\"@id\":\"https:\\\/\\\/ekologistyka24.pl\\\/#organization\"},\"potentialAction\":[{\"@type\":\"SearchAction\",\"target\":{\"@type\":\"EntryPoint\",\"urlTemplate\":\"https:\\\/\\\/ekologistyka24.pl\\\/?s={search_term_string}\"},\"query-input\":{\"@type\":\"PropertyValueSpecification\",\"valueRequired\":true,\"valueName\":\"search_term_string\"}}],\"inLanguage\":\"de\"},{\"@type\":\"Organization\",\"@id\":\"https:\\\/\\\/ekologistyka24.pl\\\/#organization\",\"name\":\"EKOlogistyka24 - przew\u00f3z odpad\u00f3w i pozwolenia na transport\",\"url\":\"https:\\\/\\\/ekologistyka24.pl\\\/\",\"logo\":{\"@type\":\"ImageObject\",\"inLanguage\":\"de\",\"@id\":\"https:\\\/\\\/ekologistyka24.pl\\\/#\\\/schema\\\/logo\\\/image\\\/\",\"url\":\"https:\\\/\\\/ekologistyka24.pl\\\/wp-content\\\/uploads\\\/2023\\\/08\\\/logo.png\",\"contentUrl\":\"https:\\\/\\\/ekologistyka24.pl\\\/wp-content\\\/uploads\\\/2023\\\/08\\\/logo.png\",\"width\":220,\"height\":90,\"caption\":\"EKOlogistyka24 - przew\u00f3z odpad\u00f3w i pozwolenia na transport\"},\"image\":{\"@id\":\"https:\\\/\\\/ekologistyka24.pl\\\/#\\\/schema\\\/logo\\\/image\\\/\"},\"sameAs\":[\"https:\\\/\\\/www.facebook.com\\\/profile.php?id=100058909846099\"]},{\"@type\":\"Person\",\"@id\":\"https:\\\/\\\/ekologistyka24.pl\\\/#\\\/schema\\\/person\\\/3edc7b052d1e9cb4b9b4976b13e35fda\",\"name\":\"Pawe\u0142 Makowski\",\"image\":{\"@type\":\"ImageObject\",\"inLanguage\":\"de\",\"@id\":\"https:\\\/\\\/ekologistyka24.pl\\\/wp-content\\\/litespeed\\\/avatar\\\/861abe1948f4872d3d9caf6edea0b6d6.jpg?ver=1777054832\",\"url\":\"https:\\\/\\\/ekologistyka24.pl\\\/wp-content\\\/litespeed\\\/avatar\\\/861abe1948f4872d3d9caf6edea0b6d6.jpg?ver=1777054832\",\"contentUrl\":\"https:\\\/\\\/ekologistyka24.pl\\\/wp-content\\\/litespeed\\\/avatar\\\/861abe1948f4872d3d9caf6edea0b6d6.jpg?ver=1777054832\",\"caption\":\"Pawe\u0142 Makowski\"},\"url\":\"https:\\\/\\\/ekologistyka24.pl\\\/de\\\/author\\\/pawelm\\\/\"}]}<\/script>\n<!-- \/ Yoast SEO plugin. -->","yoast_head_json":{"title":"Umweltplakette f\u00fcr Deutschland, Frankreich und \u00d6sterreich: Bestellung aufgeben","description":"Die Umweltplakette ist eine Pflichtkennzeichnung in Deutschland, Frankreich und \u00d6sterreich. Bestellen Sie bei uns - schnelle Lieferung, offizielle Kan\u00e4le","robots":{"index":"index","follow":"follow","max-snippet":"max-snippet:-1","max-image-preview":"max-image-preview:large","max-video-preview":"max-video-preview:-1"},"canonical":"https:\/\/ekologistyka24.pl\/de\/umweltplakette-de-at-fr-bestellen\/","og_locale":"de_DE","og_type":"article","og_title":"Naklejka ekologiczna na Niemcy, Francj\u0119 i Austri\u0119: z\u0142\u00f3\u017c zam\u00f3wienie","og_description":"Naklejka ekologiczna w Niemczech, Francji i Austrii to obowi\u0105zkowe oznaczenie. Zam\u00f3w u nas \u2014 szybka realizacja, oficjalne kana\u0142y","og_url":"https:\/\/ekologistyka24.pl\/de\/umweltplakette-de-at-fr-bestellen\/","og_site_name":"EKOlogistyka24 - przew\u00f3z odpad\u00f3w i pozwolenia na transport","article_publisher":"https:\/\/www.facebook.com\/profile.php?id=100058909846099","article_published_time":"2025-10-27T09:34:46+00:00","article_modified_time":"2025-10-27T09:48:48+00:00","og_image":[{"width":1792,"height":1024,"url":"https:\/\/ekologistyka24.pl\/wp-content\/uploads\/2025\/10\/naklejka-ekologiczna-Austria-Niemcy-Francja.webp","type":"image\/webp"}],"author":"Pawe\u0142 Makowski","twitter_card":"summary_large_image","twitter_misc":{"Verfasst von":"Pawe\u0142 Makowski","Gesch\u00e4tzte Lesezeit":"4\u00a0Minuten"},"schema":{"@context":"https:\/\/schema.org","@graph":[{"@type":"Article","@id":"https:\/\/ekologistyka24.pl\/naklejka-ekologiczna-de-at-fr-zamow\/#article","isPartOf":{"@id":"https:\/\/ekologistyka24.pl\/naklejka-ekologiczna-de-at-fr-zamow\/"},"author":{"name":"Pawe\u0142 Makowski","@id":"https:\/\/ekologistyka24.pl\/#\/schema\/person\/3edc7b052d1e9cb4b9b4976b13e35fda"},"headline":"Naklejka ekologiczna dla ci\u0119\u017car\u00f3wek &#8211; Niemcy, Francja, Austria. Zam\u00f3w legalnie","datePublished":"2025-10-27T09:34:46+00:00","dateModified":"2025-10-27T09:48:48+00:00","mainEntityOfPage":{"@id":"https:\/\/ekologistyka24.pl\/naklejka-ekologiczna-de-at-fr-zamow\/"},"wordCount":1179,"publisher":{"@id":"https:\/\/ekologistyka24.pl\/#organization"},"image":{"@id":"https:\/\/ekologistyka24.pl\/naklejka-ekologiczna-de-at-fr-zamow\/#primaryimage"},"thumbnailUrl":"https:\/\/ekologistyka24.pl\/wp-content\/uploads\/2025\/10\/naklejka-ekologiczna-Austria-Niemcy-Francja.webp","keywords":["Abgasplakette","Crit'Air","naklejka ekologiczna","pozwolenie na transport odpad\u00f3w","transport odpad\u00f3w","Umweltplakette"],"articleSection":["Biznes i Inwestycje","Odpady","Warte uwagi"],"inLanguage":"de"},{"@type":"WebPage","@id":"https:\/\/ekologistyka24.pl\/naklejka-ekologiczna-de-at-fr-zamow\/","url":"https:\/\/ekologistyka24.pl\/naklejka-ekologiczna-de-at-fr-zamow\/","name":"Umweltplakette f\u00fcr Deutschland, Frankreich und \u00d6sterreich: Bestellung aufgeben","isPartOf":{"@id":"https:\/\/ekologistyka24.pl\/#website"},"primaryImageOfPage":{"@id":"https:\/\/ekologistyka24.pl\/naklejka-ekologiczna-de-at-fr-zamow\/#primaryimage"},"image":{"@id":"https:\/\/ekologistyka24.pl\/naklejka-ekologiczna-de-at-fr-zamow\/#primaryimage"},"thumbnailUrl":"https:\/\/ekologistyka24.pl\/wp-content\/uploads\/2025\/10\/naklejka-ekologiczna-Austria-Niemcy-Francja.webp","datePublished":"2025-10-27T09:34:46+00:00","dateModified":"2025-10-27T09:48:48+00:00","description":"Die Umweltplakette ist eine Pflichtkennzeichnung in Deutschland, Frankreich und \u00d6sterreich. Bestellen Sie bei uns - schnelle Lieferung, offizielle Kan\u00e4le","inLanguage":"de","potentialAction":[{"@type":"ReadAction","target":["https:\/\/ekologistyka24.pl\/naklejka-ekologiczna-de-at-fr-zamow\/"]}]},{"@type":"ImageObject","inLanguage":"de","@id":"https:\/\/ekologistyka24.pl\/naklejka-ekologiczna-de-at-fr-zamow\/#primaryimage","url":"https:\/\/ekologistyka24.pl\/wp-content\/uploads\/2025\/10\/naklejka-ekologiczna-Austria-Niemcy-Francja.webp","contentUrl":"https:\/\/ekologistyka24.pl\/wp-content\/uploads\/2025\/10\/naklejka-ekologiczna-Austria-Niemcy-Francja.webp","width":1792,"height":1024,"caption":"naklejka ekologiczna Austria Niemcy Francja"},{"@type":"WebSite","@id":"https:\/\/ekologistyka24.pl\/#website","url":"https:\/\/ekologistyka24.pl\/","name":"EKOlogistics24 - Abfalltransport und Transportgenehmigungen","description":"","publisher":{"@id":"https:\/\/ekologistyka24.pl\/#organization"},"potentialAction":[{"@type":"SearchAction","target":{"@type":"EntryPoint","urlTemplate":"https:\/\/ekologistyka24.pl\/?s={search_term_string}"},"query-input":{"@type":"PropertyValueSpecification","valueRequired":true,"valueName":"search_term_string"}}],"inLanguage":"de"},{"@type":"Organization","@id":"https:\/\/ekologistyka24.pl\/#organization","name":"EKOlogistics24 - Abfalltransport und Transportgenehmigungen","url":"https:\/\/ekologistyka24.pl\/","logo":{"@type":"ImageObject","inLanguage":"de","@id":"https:\/\/ekologistyka24.pl\/#\/schema\/logo\/image\/","url":"https:\/\/ekologistyka24.pl\/wp-content\/uploads\/2023\/08\/logo.png","contentUrl":"https:\/\/ekologistyka24.pl\/wp-content\/uploads\/2023\/08\/logo.png","width":220,"height":90,"caption":"EKOlogistyka24 - przew\u00f3z odpad\u00f3w i pozwolenia na transport"},"image":{"@id":"https:\/\/ekologistyka24.pl\/#\/schema\/logo\/image\/"},"sameAs":["https:\/\/www.facebook.com\/profile.php?id=100058909846099"]},{"@type":"Person","@id":"https:\/\/ekologistyka24.pl\/#\/schema\/person\/3edc7b052d1e9cb4b9b4976b13e35fda","name":"Pawel Makowski","image":{"@type":"ImageObject","inLanguage":"de","@id":"https:\/\/ekologistyka24.pl\/wp-content\/litespeed\/avatar\/861abe1948f4872d3d9caf6edea0b6d6.jpg?ver=1777054832","url":"https:\/\/ekologistyka24.pl\/wp-content\/litespeed\/avatar\/861abe1948f4872d3d9caf6edea0b6d6.jpg?ver=1777054832","contentUrl":"https:\/\/ekologistyka24.pl\/wp-content\/litespeed\/avatar\/861abe1948f4872d3d9caf6edea0b6d6.jpg?ver=1777054832","caption":"Pawe\u0142 Makowski"},"url":"https:\/\/ekologistyka24.pl\/de\/author\/pawelm\/"}]}},"taxonomy_info":{"category":[{"value":12,"label":"Biznes i Inwestycje"},{"value":6,"label":"Odpady"},{"value":14,"label":"Warte uwagi"}],"post_tag":[{"value":270,"label":"Abgasplakette"},{"value":269,"label":"Crit'Air"},{"value":267,"label":"naklejka ekologiczna"},{"value":37,"label":"pozwolenie na transport odpad\u00f3w"},{"value":18,"label":"transport odpad\u00f3w"},{"value":268,"label":"Umweltplakette"}]},"featured_image_src_large":["https:\/\/ekologistyka24.pl\/wp-content\/uploads\/2025\/10\/naklejka-ekologiczna-Austria-Niemcy-Francja-1024x585.webp",1024,585,true],"author_info":{"display_name":"Pawe\u0142 Makowski","author_link":"https:\/\/ekologistyka24.pl\/de\/author\/pawelm\/"},"comment_info":0,"category_info":[{"term_id":12,"name":"Biznes i Inwestycje","slug":"biznes-i-inwestycje","term_group":0,"term_taxonomy_id":12,"taxonomy":"category","description":"","parent":0,"count":53,"filter":"raw","cat_ID":12,"category_count":53,"category_description":"","cat_name":"Biznes i Inwestycje","category_nicename":"biznes-i-inwestycje","category_parent":0},{"term_id":6,"name":"Odpady","slug":"odpady","term_group":0,"term_taxonomy_id":6,"taxonomy":"category","description":"","parent":0,"count":106,"filter":"raw","cat_ID":6,"category_count":106,"category_description":"","cat_name":"Odpady","category_nicename":"odpady","category_parent":0},{"term_id":14,"name":"Warte uwagi","slug":"warte-uwagi","term_group":0,"term_taxonomy_id":14,"taxonomy":"category","description":"","parent":0,"count":101,"filter":"raw","cat_ID":14,"category_count":101,"category_description":"","cat_name":"Warte uwagi","category_nicename":"warte-uwagi","category_parent":0}],"tag_info":[{"term_id":270,"name":"Abgasplakette","slug":"abgasplakette","term_group":0,"term_taxonomy_id":270,"taxonomy":"post_tag","description":"","parent":0,"count":1,"filter":"raw"},{"term_id":269,"name":"Crit'Air","slug":"critair","term_group":0,"term_taxonomy_id":269,"taxonomy":"post_tag","description":"","parent":0,"count":1,"filter":"raw"},{"term_id":267,"name":"naklejka ekologiczna","slug":"naklejka-ekologiczna","term_group":0,"term_taxonomy_id":267,"taxonomy":"post_tag","description":"","parent":0,"count":1,"filter":"raw"},{"term_id":37,"name":"pozwolenie na transport odpad\u00f3w","slug":"pozwolenie-na-transport-odpadow","term_group":0,"term_taxonomy_id":37,"taxonomy":"post_tag","description":"","parent":0,"count":41,"filter":"raw"},{"term_id":18,"name":"transport odpad\u00f3w","slug":"transport-odpadow","term_group":0,"term_taxonomy_id":18,"taxonomy":"post_tag","description":"","parent":0,"count":101,"filter":"raw"},{"term_id":268,"name":"Umweltplakette","slug":"umweltplakette","term_group":0,"term_taxonomy_id":268,"taxonomy":"post_tag","description":"","parent":0,"count":1,"filter":"raw"}],"_links":{"self":[{"href":"https:\/\/ekologistyka24.pl\/de\/wp-json\/wp\/v2\/posts\/7788","targetHints":{"allow":["GET"]}}],"collection":[{"href":"https:\/\/ekologistyka24.pl\/de\/wp-json\/wp\/v2\/posts"}],"about":[{"href":"https:\/\/ekologistyka24.pl\/de\/wp-json\/wp\/v2\/types\/post"}],"author":[{"embeddable":true,"href":"https:\/\/ekologistyka24.pl\/de\/wp-json\/wp\/v2\/users\/2"}],"replies":[{"embeddable":true,"href":"https:\/\/ekologistyka24.pl\/de\/wp-json\/wp\/v2\/comments?post=7788"}],"version-history":[{"count":3,"href":"https:\/\/ekologistyka24.pl\/de\/wp-json\/wp\/v2\/posts\/7788\/revisions"}],"predecessor-version":[{"id":7793,"href":"https:\/\/ekologistyka24.pl\/de\/wp-json\/wp\/v2\/posts\/7788\/revisions\/7793"}],"wp:featuredmedia":[{"embeddable":true,"href":"https:\/\/ekologistyka24.pl\/de\/wp-json\/wp\/v2\/media\/7794"}],"wp:attachment":[{"href":"https:\/\/ekologistyka24.pl\/de\/wp-json\/wp\/v2\/media?parent=7788"}],"wp:term":[{"taxonomy":"category","embeddable":true,"href":"https:\/\/ekologistyka24.pl\/de\/wp-json\/wp\/v2\/categories?post=7788"},{"taxonomy":"post_tag","embeddable":true,"href":"https:\/\/ekologistyka24.pl\/de\/wp-json\/wp\/v2\/tags?post=7788"}],"curies":[{"name":"wp","href":"https:\/\/api.w.org\/{rel}","templated":true}]}}