{"id":3415,"date":"2023-09-10T17:59:16","date_gmt":"2023-09-10T15:59:16","guid":{"rendered":"https:\/\/ekologistyka24.pl\/?p=3415"},"modified":"2023-09-10T17:59:16","modified_gmt":"2023-09-10T15:59:16","slug":"krakows-bus-fleet-in-service-for-clean-air","status":"publish","type":"post","link":"https:\/\/ekologistyka24.pl\/en\/krakowska-flota-autobusowa-w-sluzbie-dla-czystego-powietrza\/","title":{"rendered":"Krakow's bus fleet in the service of clean air"},"content":{"rendered":"<style>.wp-block-kadence-advancedheading.kt-adv-heading3415_cbc685-43, .wp-block-kadence-advancedheading.kt-adv-heading3415_cbc685-43[data-kb-block=\"kb-adv-heading3415_cbc685-43\"]{font-style:normal;}.wp-block-kadence-advancedheading.kt-adv-heading3415_cbc685-43 mark.kt-highlight, .wp-block-kadence-advancedheading.kt-adv-heading3415_cbc685-43[data-kb-block=\"kb-adv-heading3415_cbc685-43\"] mark.kt-highlight{font-style:normal;color:#f76a0c;-webkit-box-decoration-break:clone;box-decoration-break:clone;padding-top:0px;padding-right:0px;padding-bottom:0px;padding-left:0px;}.wp-block-kadence-advancedheading.kt-adv-heading3415_cbc685-43 img.kb-inline-image, .wp-block-kadence-advancedheading.kt-adv-heading3415_cbc685-43[data-kb-block=\"kb-adv-heading3415_cbc685-43\"] img.kb-inline-image{width:150px;vertical-align:baseline;}<\/style>\n<p class=\"kt-adv-heading3415_cbc685-43 wp-block-kadence-advancedheading has-theme-palette-6-color has-text-color\" data-kb-block=\"kb-adv-heading3415_cbc685-43\"><strong><strong><strong>Jeszcze przed \u015awiatowymi Dniami M\u0142odzie\u017cy Krak\u00f3w wzbogaci\u0142 si\u0119 o 60 nowych autobus\u00f3w. Maj\u0105 dwana\u015bcie metr\u00f3w i silniki Euro 6, kt\u00f3re zatroszcz\u0105 si\u0119 o krakowskie powietrze i \u015brodowisko.<\/strong><\/strong><\/strong><\/p>\n\n\n<style>.wp-block-kadence-advancedheading.kt-adv-heading3415_2a2836-0d, .wp-block-kadence-advancedheading.kt-adv-heading3415_2a2836-0d[data-kb-block=\"kb-adv-heading3415_2a2836-0d\"]{font-style:normal;}.wp-block-kadence-advancedheading.kt-adv-heading3415_2a2836-0d mark.kt-highlight, .wp-block-kadence-advancedheading.kt-adv-heading3415_2a2836-0d[data-kb-block=\"kb-adv-heading3415_2a2836-0d\"] mark.kt-highlight{font-style:normal;color:#f76a0c;-webkit-box-decoration-break:clone;box-decoration-break:clone;padding-top:0px;padding-right:0px;padding-bottom:0px;padding-left:0px;}.wp-block-kadence-advancedheading.kt-adv-heading3415_2a2836-0d img.kb-inline-image, .wp-block-kadence-advancedheading.kt-adv-heading3415_2a2836-0d[data-kb-block=\"kb-adv-heading3415_2a2836-0d\"] img.kb-inline-image{width:150px;vertical-align:baseline;}<\/style>\n<p class=\"kt-adv-heading3415_2a2836-0d wp-block-kadence-advancedheading has-theme-palette-6-color has-text-color\" data-kb-block=\"kb-adv-heading3415_2a2836-0d\">Ostatnimi czasy w Krakowie ruch komunikacji miejskiej bywa\u0142 cz\u0119sto zak\u0142\u00f3cony, co mo\u017cna by\u0142o wi\u0105za\u0107 z falami upa\u0142\u00f3w nawiedzaj\u0105cymi miasto. Jak jednak dowiadujemy si\u0119 u rzecznika prasowego Miejskiego Przedsi\u0119biorstwa Komunikacyjnego w Krakowie, to nie temperatury powoduj\u0105 przerwy w kursowaniu tramwaj\u00f3w i autobus\u00f3w.<\/p>\n\n\n<style>.wp-block-kadence-advancedheading.kt-adv-heading3415_666f86-75, .wp-block-kadence-advancedheading.kt-adv-heading3415_666f86-75[data-kb-block=\"kb-adv-heading3415_666f86-75\"]{font-style:normal;}.wp-block-kadence-advancedheading.kt-adv-heading3415_666f86-75 mark.kt-highlight, .wp-block-kadence-advancedheading.kt-adv-heading3415_666f86-75[data-kb-block=\"kb-adv-heading3415_666f86-75\"] mark.kt-highlight{font-style:normal;color:#f76a0c;-webkit-box-decoration-break:clone;box-decoration-break:clone;padding-top:0px;padding-right:0px;padding-bottom:0px;padding-left:0px;}.wp-block-kadence-advancedheading.kt-adv-heading3415_666f86-75 img.kb-inline-image, .wp-block-kadence-advancedheading.kt-adv-heading3415_666f86-75[data-kb-block=\"kb-adv-heading3415_666f86-75\"] img.kb-inline-image{width:150px;vertical-align:baseline;}<\/style>\n<p class=\"kt-adv-heading3415_666f86-75 wp-block-kadence-advancedheading has-theme-palette-6-color has-text-color\" data-kb-block=\"kb-adv-heading3415_666f86-75\">Problemem nie jest wzrost temperatur. Przyczyny utrudnie\u0144 w funkcjonowaniu komunikacj\u0105 mog\u0105 by\u0107 r\u00f3\u017cne, na przyk\u0142ad kolizje, wypadki, nieprawid\u0142owo zaparkowane samochody &#8211; wyja\u015bnia Marek Gancarczyk, Rzecznik Prasowy MPK w Krakowie.<\/p>\n\n\n<style>.wp-block-kadence-advancedheading.kt-adv-heading3415_c39fc7-bf, .wp-block-kadence-advancedheading.kt-adv-heading3415_c39fc7-bf[data-kb-block=\"kb-adv-heading3415_c39fc7-bf\"]{font-style:normal;}.wp-block-kadence-advancedheading.kt-adv-heading3415_c39fc7-bf mark.kt-highlight, .wp-block-kadence-advancedheading.kt-adv-heading3415_c39fc7-bf[data-kb-block=\"kb-adv-heading3415_c39fc7-bf\"] mark.kt-highlight{font-style:normal;color:#f76a0c;-webkit-box-decoration-break:clone;box-decoration-break:clone;padding-top:0px;padding-right:0px;padding-bottom:0px;padding-left:0px;}.wp-block-kadence-advancedheading.kt-adv-heading3415_c39fc7-bf img.kb-inline-image, .wp-block-kadence-advancedheading.kt-adv-heading3415_c39fc7-bf[data-kb-block=\"kb-adv-heading3415_c39fc7-bf\"] img.kb-inline-image{width:150px;vertical-align:baseline;}<\/style>\n<p class=\"kt-adv-heading3415_c39fc7-bf wp-block-kadence-advancedheading has-theme-palette-6-color has-text-color\" data-kb-block=\"kb-adv-heading3415_c39fc7-bf\">Przed takimi przeszkodami komunikacji miejskiej nie uchroni\u0105 nawet najbardziej nowoczesne pojazdy, ale od\u015bwie\u017cona flota krakowska pozwoli przede wszystkim na wi\u0119kszy komfort pasa\u017cer\u00f3w, ale g\u0142\u00f3wnie \u2013 pojedzie w s\u0142u\u017cbie troski o powietrze pozbawione smogu.<\/p>\n\n\n<style>.wp-block-kadence-advancedheading.kt-adv-heading3415_02ad43-2c, .wp-block-kadence-advancedheading.kt-adv-heading3415_02ad43-2c[data-kb-block=\"kb-adv-heading3415_02ad43-2c\"]{font-size:var(--global-kb-font-size-lg, 2rem);font-style:normal;}.wp-block-kadence-advancedheading.kt-adv-heading3415_02ad43-2c mark.kt-highlight, .wp-block-kadence-advancedheading.kt-adv-heading3415_02ad43-2c[data-kb-block=\"kb-adv-heading3415_02ad43-2c\"] mark.kt-highlight{font-style:normal;color:#f76a0c;-webkit-box-decoration-break:clone;box-decoration-break:clone;padding-top:0px;padding-right:0px;padding-bottom:0px;padding-left:0px;}.wp-block-kadence-advancedheading.kt-adv-heading3415_02ad43-2c img.kb-inline-image, .wp-block-kadence-advancedheading.kt-adv-heading3415_02ad43-2c[data-kb-block=\"kb-adv-heading3415_02ad43-2c\"] img.kb-inline-image{width:150px;vertical-align:baseline;}<\/style>\n<p class=\"kt-adv-heading3415_02ad43-2c wp-block-kadence-advancedheading has-theme-palette-6-color has-text-color\" data-kb-block=\"kb-adv-heading3415_02ad43-2c\"><strong>Odnawialne \u017ar\u00f3d\u0142o energii<\/strong><\/p>\n\n\n<style>.wp-block-kadence-advancedheading.kt-adv-heading3415_bc8713-fa, .wp-block-kadence-advancedheading.kt-adv-heading3415_bc8713-fa[data-kb-block=\"kb-adv-heading3415_bc8713-fa\"]{font-style:normal;}.wp-block-kadence-advancedheading.kt-adv-heading3415_bc8713-fa mark.kt-highlight, .wp-block-kadence-advancedheading.kt-adv-heading3415_bc8713-fa[data-kb-block=\"kb-adv-heading3415_bc8713-fa\"] mark.kt-highlight{font-style:normal;color:#f76a0c;-webkit-box-decoration-break:clone;box-decoration-break:clone;padding-top:0px;padding-right:0px;padding-bottom:0px;padding-left:0px;}.wp-block-kadence-advancedheading.kt-adv-heading3415_bc8713-fa img.kb-inline-image, .wp-block-kadence-advancedheading.kt-adv-heading3415_bc8713-fa[data-kb-block=\"kb-adv-heading3415_bc8713-fa\"] img.kb-inline-image{width:150px;vertical-align:baseline;}<\/style>\n<p class=\"kt-adv-heading3415_bc8713-fa wp-block-kadence-advancedheading has-theme-palette-6-color has-text-color\" data-kb-block=\"kb-adv-heading3415_bc8713-fa\">Prezydent Miasta Krakowa Jacek Majchrowski m\u00f3wi, \u017ce nowe autobusy z ekologicznymi silnikami to kolejny etap walki o czyste powietrze w Krakowie. To dzi\u0119ki silnikom DAF, kt\u00f3re spe\u0142niaj\u0105 normy emisji spalin Euro 6, posiadaj\u0105ce tak\u017ce system rekuperacji energii. To znaczy, \u017ce cz\u0119\u015b\u0107 energii b\u0119dzie kondensowana, a p\u00f3\u017aniej ponownie wykorzystywana na przyk\u0142ad do zasilenia instalacji elektrycznej autobusu czy automatu biletowego. W tych b\u0119dzie mo\u017cna p\u0142aci\u0107 kart\u0105 p\u0142atnicz\u0105 i got\u00f3wk\u0105. Co jest ju\u017c norm\u0105 w wi\u0119kszo\u015bci autobus\u00f3w krakowskich, tak\u017ce nowe Solarisy posiadaj\u0105 klimatyzacj\u0119 i nowoczesny system informacji pasa\u017cerskiej.<\/p>\n\n\n<style>.wp-block-kadence-advancedheading.kt-adv-heading3415_2745e6-50, .wp-block-kadence-advancedheading.kt-adv-heading3415_2745e6-50[data-kb-block=\"kb-adv-heading3415_2745e6-50\"]{font-style:normal;}.wp-block-kadence-advancedheading.kt-adv-heading3415_2745e6-50 mark.kt-highlight, .wp-block-kadence-advancedheading.kt-adv-heading3415_2745e6-50[data-kb-block=\"kb-adv-heading3415_2745e6-50\"] mark.kt-highlight{font-style:normal;color:#f76a0c;-webkit-box-decoration-break:clone;box-decoration-break:clone;padding-top:0px;padding-right:0px;padding-bottom:0px;padding-left:0px;}.wp-block-kadence-advancedheading.kt-adv-heading3415_2745e6-50 img.kb-inline-image, .wp-block-kadence-advancedheading.kt-adv-heading3415_2745e6-50[data-kb-block=\"kb-adv-heading3415_2745e6-50\"] img.kb-inline-image{width:150px;vertical-align:baseline;}<\/style>\n<p class=\"kt-adv-heading3415_2745e6-50 wp-block-kadence-advancedheading has-theme-palette-6-color has-text-color\" data-kb-block=\"kb-adv-heading3415_2745e6-50\">Co wi\u0119cej, w drzwiach autobus\u00f3w pojawi\u0105 si\u0119 przyrz\u0105dy mierz\u0105ce ilo\u015b\u0107 wsiadaj\u0105cych i wysiadaj\u0105cych pasa\u017cer\u00f3w, co w przysz\u0142o\u015bci ma pos\u0142u\u017cy\u0107 lepszemu zarz\u0105dzaniu komunikacj\u0105, z uwzgl\u0119dnieniem cz\u0119stotliwo\u015bci kurs\u00f3w i zapotrzebowania na nie.<\/p>\n\n\n<style>.wp-block-kadence-advancedheading.kt-adv-heading3415_a57610-a2, .wp-block-kadence-advancedheading.kt-adv-heading3415_a57610-a2[data-kb-block=\"kb-adv-heading3415_a57610-a2\"]{font-style:normal;}.wp-block-kadence-advancedheading.kt-adv-heading3415_a57610-a2 mark.kt-highlight, .wp-block-kadence-advancedheading.kt-adv-heading3415_a57610-a2[data-kb-block=\"kb-adv-heading3415_a57610-a2\"] mark.kt-highlight{font-style:normal;color:#f76a0c;-webkit-box-decoration-break:clone;box-decoration-break:clone;padding-top:0px;padding-right:0px;padding-bottom:0px;padding-left:0px;}.wp-block-kadence-advancedheading.kt-adv-heading3415_a57610-a2 img.kb-inline-image, .wp-block-kadence-advancedheading.kt-adv-heading3415_a57610-a2[data-kb-block=\"kb-adv-heading3415_a57610-a2\"] img.kb-inline-image{width:150px;vertical-align:baseline;}<\/style>\n<p class=\"kt-adv-heading3415_a57610-a2 wp-block-kadence-advancedheading has-theme-palette-6-color has-text-color\" data-kb-block=\"kb-adv-heading3415_a57610-a2\">Nowe autobusy maj\u0105 pojecha\u0107 przede wszystkim w rejonie II Obwodnicy miasta. Celem MPK SA w Krakowie jest skierowanie tam wy\u0142\u0105cznie pojazd\u00f3w posiadaj\u0105cych silniki spe\u0142niaj\u0105ce norm\u0119 Euro 5 i wy\u017csz\u0105.<\/p>\n\n\n<style>.wp-block-kadence-advancedheading.kt-adv-heading3415_17f83c-e2, .wp-block-kadence-advancedheading.kt-adv-heading3415_17f83c-e2[data-kb-block=\"kb-adv-heading3415_17f83c-e2\"]{font-size:var(--global-kb-font-size-lg, 2rem);font-style:normal;}.wp-block-kadence-advancedheading.kt-adv-heading3415_17f83c-e2 mark.kt-highlight, .wp-block-kadence-advancedheading.kt-adv-heading3415_17f83c-e2[data-kb-block=\"kb-adv-heading3415_17f83c-e2\"] mark.kt-highlight{font-style:normal;color:#f76a0c;-webkit-box-decoration-break:clone;box-decoration-break:clone;padding-top:0px;padding-right:0px;padding-bottom:0px;padding-left:0px;}.wp-block-kadence-advancedheading.kt-adv-heading3415_17f83c-e2 img.kb-inline-image, .wp-block-kadence-advancedheading.kt-adv-heading3415_17f83c-e2[data-kb-block=\"kb-adv-heading3415_17f83c-e2\"] img.kb-inline-image{width:150px;vertical-align:baseline;}<\/style>\n<p class=\"kt-adv-heading3415_17f83c-e2 wp-block-kadence-advancedheading has-theme-palette-6-color has-text-color\" data-kb-block=\"kb-adv-heading3415_17f83c-e2\"><strong><strong>Komfort dla pasa\u017cer\u00f3w<\/strong><\/strong><\/p>\n\n\n<style>.wp-block-kadence-advancedheading.kt-adv-heading3415_ab7304-ef, .wp-block-kadence-advancedheading.kt-adv-heading3415_ab7304-ef[data-kb-block=\"kb-adv-heading3415_ab7304-ef\"]{font-style:normal;}.wp-block-kadence-advancedheading.kt-adv-heading3415_ab7304-ef mark.kt-highlight, .wp-block-kadence-advancedheading.kt-adv-heading3415_ab7304-ef[data-kb-block=\"kb-adv-heading3415_ab7304-ef\"] mark.kt-highlight{font-style:normal;color:#f76a0c;-webkit-box-decoration-break:clone;box-decoration-break:clone;padding-top:0px;padding-right:0px;padding-bottom:0px;padding-left:0px;}.wp-block-kadence-advancedheading.kt-adv-heading3415_ab7304-ef img.kb-inline-image, .wp-block-kadence-advancedheading.kt-adv-heading3415_ab7304-ef[data-kb-block=\"kb-adv-heading3415_ab7304-ef\"] img.kb-inline-image{width:150px;vertical-align:baseline;}<\/style>\n<p class=\"kt-adv-heading3415_ab7304-ef wp-block-kadence-advancedheading has-theme-palette-6-color has-text-color\" data-kb-block=\"kb-adv-heading3415_ab7304-ef\">Nowe Solarisy od starszych autobus\u00f3w b\u0119d\u0105 si\u0119 r\u00f3\u017cni\u0107 tak\u017ce zewn\u0119trznie. Pasa\u017cerowie w Krakowie otrzymaj\u0105 pojazdy z wi\u0119ksz\u0105 ilo\u015bci\u0105 miejsc siedz\u0105cych, przestronne wn\u0119trze. Do tego trzy porty USB, kt\u00f3re b\u0119d\u0105 s\u0142u\u017cy\u0107 jako \u0142adowarki do urz\u0105dze\u0144 mobilnych, jak smartfony czy tablety. Kierowcy za\u015b b\u0119d\u0105 prowadzi\u0107 autobusy z ergonomicznej kabiny, zbudowanej wy\u017cej ni\u017c tradycyjnie, dzi\u0119ki czemu poprawi si\u0119 widoczno\u015b\u0107.<\/p>\n\n\n<style>.wp-block-kadence-advancedheading.kt-adv-heading3415_709ce2-b2, .wp-block-kadence-advancedheading.kt-adv-heading3415_709ce2-b2[data-kb-block=\"kb-adv-heading3415_709ce2-b2\"]{font-style:normal;}.wp-block-kadence-advancedheading.kt-adv-heading3415_709ce2-b2 mark.kt-highlight, .wp-block-kadence-advancedheading.kt-adv-heading3415_709ce2-b2[data-kb-block=\"kb-adv-heading3415_709ce2-b2\"] mark.kt-highlight{font-style:normal;color:#f76a0c;-webkit-box-decoration-break:clone;box-decoration-break:clone;padding-top:0px;padding-right:0px;padding-bottom:0px;padding-left:0px;}.wp-block-kadence-advancedheading.kt-adv-heading3415_709ce2-b2 img.kb-inline-image, .wp-block-kadence-advancedheading.kt-adv-heading3415_709ce2-b2[data-kb-block=\"kb-adv-heading3415_709ce2-b2\"] img.kb-inline-image{width:150px;vertical-align:baseline;}<\/style>\n<p class=\"kt-adv-heading3415_709ce2-b2 wp-block-kadence-advancedheading has-theme-palette-6-color has-text-color\" data-kb-block=\"kb-adv-heading3415_709ce2-b2\">W sumie, do Krakowa dzi\u0119ki unijnemu projektowi, trafi 107 autobus\u00f3w. Poza wspomnian\u0105 sze\u015b\u0107dziesi\u0105tk\u0105, na ulicach pojawi\u0105 si\u0119 te\u017c autobusy elektryczne (20), tuzin autobus\u00f3w hybrydowych, 15 autobus\u00f3w midi. Krak\u00f3w wzbogaci si\u0119 r\u00f3wnie\u017c o kolejne 12 automat\u00f3w biletowych Krakowskiej Karty Miejskiej. Ostatecznie Krak\u00f3w na ten cel otrzyma\u0142 115,7 mln z\u0142, czyli 85 proc. kwalifikowanych koszt\u00f3w inwestycji. Umowa na dofinansowanie zakupu autobus\u00f3w zosta\u0142a podpisana 21 kwietnia tego roku.<\/p>\n\n\n<style>.wp-block-kadence-advancedheading.kt-adv-heading3415_449be5-f1, .wp-block-kadence-advancedheading.kt-adv-heading3415_449be5-f1[data-kb-block=\"kb-adv-heading3415_449be5-f1\"]{font-style:normal;}.wp-block-kadence-advancedheading.kt-adv-heading3415_449be5-f1 mark.kt-highlight, .wp-block-kadence-advancedheading.kt-adv-heading3415_449be5-f1[data-kb-block=\"kb-adv-heading3415_449be5-f1\"] mark.kt-highlight{font-style:normal;color:#f76a0c;-webkit-box-decoration-break:clone;box-decoration-break:clone;padding-top:0px;padding-right:0px;padding-bottom:0px;padding-left:0px;}.wp-block-kadence-advancedheading.kt-adv-heading3415_449be5-f1 img.kb-inline-image, .wp-block-kadence-advancedheading.kt-adv-heading3415_449be5-f1[data-kb-block=\"kb-adv-heading3415_449be5-f1\"] img.kb-inline-image{width:150px;vertical-align:baseline;}<\/style>\n<p class=\"kt-adv-heading3415_449be5-f1 wp-block-kadence-advancedheading has-theme-palette-6-color has-text-color\" data-kb-block=\"kb-adv-heading3415_449be5-f1\">\u0179r\u00f3d\u0142o:\u00a0<a href=\"http:\/\/www.transport-publiczny.pl\/\">www.transport-publiczny.pl<\/a><\/p>\n","protected":false},"excerpt":{"rendered":"<p>Even before World Youth Day, Krakow has acquired 60 new buses. They are twelve metres long and have Euro 6 engines, which will take care of Krakow's air and environment. In recent times, public transport in Krakow has often been disrupted, which could be linked to the heatwaves that hit the city. However, as we learn from a spokesman for the Municipal Enterprise...<\/p>","protected":false},"author":1,"featured_media":3417,"comment_status":"open","ping_status":"open","sticky":false,"template":"","format":"standard","meta":{"_acf_changed":false,"_kad_blocks_custom_css":"","_kad_blocks_head_custom_js":"","_kad_blocks_body_custom_js":"","_kad_blocks_footer_custom_js":"","_kad_post_transparent":"","_kad_post_title":"","_kad_post_layout":"","_kad_post_sidebar_id":"","_kad_post_content_style":"","_kad_post_vertical_padding":"","_kad_post_feature":"default","_kad_post_feature_position":"","_kad_post_header":false,"_kad_post_footer":false,"_kad_post_classname":"","footnotes":""},"categories":[4],"tags":[],"class_list":["post-3415","post","type-post","status-publish","format-standard","has-post-thumbnail","hentry","category-eko-transport"],"acf":[],"yoast_head":"<!-- This site is optimized with the Yoast SEO plugin v27.5 - https:\/\/yoast.com\/product\/yoast-seo-wordpress\/ -->\n<title>Krakowska flota autobusowa w s\u0142u\u017cbie dla czystego powietrza - EKOlogistyka24 - przew\u00f3z odpad\u00f3w i pozwolenia na transport<\/title>\n<meta name=\"robots\" content=\"index, follow, max-snippet:-1, max-image-preview:large, max-video-preview:-1\" \/>\n<link rel=\"canonical\" href=\"https:\/\/ekologistyka24.pl\/en\/krakows-bus-fleet-in-service-for-clean-air\/\" \/>\n<meta property=\"og:locale\" content=\"en_GB\" \/>\n<meta property=\"og:type\" content=\"article\" \/>\n<meta property=\"og:title\" content=\"Krakowska flota autobusowa w s\u0142u\u017cbie dla czystego powietrza - EKOlogistyka24 - przew\u00f3z odpad\u00f3w i pozwolenia na transport\" \/>\n<meta property=\"og:description\" content=\"Jeszcze przed \u015awiatowymi Dniami M\u0142odzie\u017cy Krak\u00f3w wzbogaci\u0142 si\u0119 o 60 nowych autobus\u00f3w. Maj\u0105 dwana\u015bcie metr\u00f3w i silniki Euro 6, kt\u00f3re zatroszcz\u0105 si\u0119 o krakowskie powietrze i \u015brodowisko. Ostatnimi czasy w Krakowie ruch komunikacji miejskiej bywa\u0142 cz\u0119sto zak\u0142\u00f3cony, co mo\u017cna by\u0142o wi\u0105za\u0107 z falami upa\u0142\u00f3w nawiedzaj\u0105cymi miasto. Jak jednak dowiadujemy si\u0119 u rzecznika prasowego Miejskiego Przedsi\u0119biorstwa...\" \/>\n<meta property=\"og:url\" content=\"https:\/\/ekologistyka24.pl\/en\/krakows-bus-fleet-in-service-for-clean-air\/\" \/>\n<meta property=\"og:site_name\" content=\"EKOlogistyka24 - przew\u00f3z odpad\u00f3w i pozwolenia na transport\" \/>\n<meta property=\"article:publisher\" content=\"https:\/\/www.facebook.com\/profile.php?id=100058909846099\" \/>\n<meta property=\"article:published_time\" content=\"2023-09-10T15:59:16+00:00\" \/>\n<meta property=\"og:image\" content=\"https:\/\/ekologistyka24.pl\/wp-content\/uploads\/2023\/09\/krakowska-flota-autobusowa-w-sluzbie-dla-czystego-powietrza-5.webp\" \/>\n\t<meta property=\"og:image:width\" content=\"720\" \/>\n\t<meta property=\"og:image:height\" content=\"540\" \/>\n\t<meta property=\"og:image:type\" content=\"image\/webp\" \/>\n<meta name=\"author\" content=\"Admin\" \/>\n<meta name=\"twitter:card\" content=\"summary_large_image\" \/>\n<meta name=\"twitter:label1\" content=\"Written by\" \/>\n\t<meta name=\"twitter:data1\" content=\"Admin\" \/>\n\t<meta name=\"twitter:label2\" content=\"Estimated reading time\" \/>\n\t<meta name=\"twitter:data2\" content=\"3 minutes\" \/>\n<script type=\"application\/ld+json\" class=\"yoast-schema-graph\">{\"@context\":\"https:\\\/\\\/schema.org\",\"@graph\":[{\"@type\":\"Article\",\"@id\":\"https:\\\/\\\/ekologistyka24.pl\\\/krakowska-flota-autobusowa-w-sluzbie-dla-czystego-powietrza\\\/#article\",\"isPartOf\":{\"@id\":\"https:\\\/\\\/ekologistyka24.pl\\\/krakowska-flota-autobusowa-w-sluzbie-dla-czystego-powietrza\\\/\"},\"author\":{\"name\":\"Admin\",\"@id\":\"https:\\\/\\\/ekologistyka24.pl\\\/#\\\/schema\\\/person\\\/aa9acc9b3c583ce45bd2fbeb7e4aca37\"},\"headline\":\"Krakowska flota autobusowa w s\u0142u\u017cbie dla czystego powietrza\",\"datePublished\":\"2023-09-10T15:59:16+00:00\",\"mainEntityOfPage\":{\"@id\":\"https:\\\/\\\/ekologistyka24.pl\\\/krakowska-flota-autobusowa-w-sluzbie-dla-czystego-powietrza\\\/\"},\"wordCount\":511,\"commentCount\":0,\"publisher\":{\"@id\":\"https:\\\/\\\/ekologistyka24.pl\\\/#organization\"},\"image\":{\"@id\":\"https:\\\/\\\/ekologistyka24.pl\\\/krakowska-flota-autobusowa-w-sluzbie-dla-czystego-powietrza\\\/#primaryimage\"},\"thumbnailUrl\":\"https:\\\/\\\/ekologistyka24.pl\\\/wp-content\\\/uploads\\\/2023\\\/09\\\/krakowska-flota-autobusowa-w-sluzbie-dla-czystego-powietrza-5.webp\",\"articleSection\":[\"Eko Transport\"],\"inLanguage\":\"en-GB\",\"potentialAction\":[{\"@type\":\"CommentAction\",\"name\":\"Comment\",\"target\":[\"https:\\\/\\\/ekologistyka24.pl\\\/krakowska-flota-autobusowa-w-sluzbie-dla-czystego-powietrza\\\/#respond\"]}]},{\"@type\":\"WebPage\",\"@id\":\"https:\\\/\\\/ekologistyka24.pl\\\/krakowska-flota-autobusowa-w-sluzbie-dla-czystego-powietrza\\\/\",\"url\":\"https:\\\/\\\/ekologistyka24.pl\\\/krakowska-flota-autobusowa-w-sluzbie-dla-czystego-powietrza\\\/\",\"name\":\"Krakowska flota autobusowa w s\u0142u\u017cbie dla czystego powietrza - EKOlogistyka24 - przew\u00f3z odpad\u00f3w i pozwolenia na transport\",\"isPartOf\":{\"@id\":\"https:\\\/\\\/ekologistyka24.pl\\\/#website\"},\"primaryImageOfPage\":{\"@id\":\"https:\\\/\\\/ekologistyka24.pl\\\/krakowska-flota-autobusowa-w-sluzbie-dla-czystego-powietrza\\\/#primaryimage\"},\"image\":{\"@id\":\"https:\\\/\\\/ekologistyka24.pl\\\/krakowska-flota-autobusowa-w-sluzbie-dla-czystego-powietrza\\\/#primaryimage\"},\"thumbnailUrl\":\"https:\\\/\\\/ekologistyka24.pl\\\/wp-content\\\/uploads\\\/2023\\\/09\\\/krakowska-flota-autobusowa-w-sluzbie-dla-czystego-powietrza-5.webp\",\"datePublished\":\"2023-09-10T15:59:16+00:00\",\"inLanguage\":\"en-GB\",\"potentialAction\":[{\"@type\":\"ReadAction\",\"target\":[\"https:\\\/\\\/ekologistyka24.pl\\\/krakowska-flota-autobusowa-w-sluzbie-dla-czystego-powietrza\\\/\"]}]},{\"@type\":\"ImageObject\",\"inLanguage\":\"en-GB\",\"@id\":\"https:\\\/\\\/ekologistyka24.pl\\\/krakowska-flota-autobusowa-w-sluzbie-dla-czystego-powietrza\\\/#primaryimage\",\"url\":\"https:\\\/\\\/ekologistyka24.pl\\\/wp-content\\\/uploads\\\/2023\\\/09\\\/krakowska-flota-autobusowa-w-sluzbie-dla-czystego-powietrza-5.webp\",\"contentUrl\":\"https:\\\/\\\/ekologistyka24.pl\\\/wp-content\\\/uploads\\\/2023\\\/09\\\/krakowska-flota-autobusowa-w-sluzbie-dla-czystego-powietrza-5.webp\",\"width\":720,\"height\":540},{\"@type\":\"WebSite\",\"@id\":\"https:\\\/\\\/ekologistyka24.pl\\\/#website\",\"url\":\"https:\\\/\\\/ekologistyka24.pl\\\/\",\"name\":\"EKOlogistyka24 - przew\u00f3z odpad\u00f3w i pozwolenia na transport\",\"description\":\"\",\"publisher\":{\"@id\":\"https:\\\/\\\/ekologistyka24.pl\\\/#organization\"},\"potentialAction\":[{\"@type\":\"SearchAction\",\"target\":{\"@type\":\"EntryPoint\",\"urlTemplate\":\"https:\\\/\\\/ekologistyka24.pl\\\/?s={search_term_string}\"},\"query-input\":{\"@type\":\"PropertyValueSpecification\",\"valueRequired\":true,\"valueName\":\"search_term_string\"}}],\"inLanguage\":\"en-GB\"},{\"@type\":\"Organization\",\"@id\":\"https:\\\/\\\/ekologistyka24.pl\\\/#organization\",\"name\":\"EKOlogistyka24 - przew\u00f3z odpad\u00f3w i pozwolenia na transport\",\"url\":\"https:\\\/\\\/ekologistyka24.pl\\\/\",\"logo\":{\"@type\":\"ImageObject\",\"inLanguage\":\"en-GB\",\"@id\":\"https:\\\/\\\/ekologistyka24.pl\\\/#\\\/schema\\\/logo\\\/image\\\/\",\"url\":\"https:\\\/\\\/ekologistyka24.pl\\\/wp-content\\\/uploads\\\/2023\\\/08\\\/logo.png\",\"contentUrl\":\"https:\\\/\\\/ekologistyka24.pl\\\/wp-content\\\/uploads\\\/2023\\\/08\\\/logo.png\",\"width\":220,\"height\":90,\"caption\":\"EKOlogistyka24 - przew\u00f3z odpad\u00f3w i pozwolenia na transport\"},\"image\":{\"@id\":\"https:\\\/\\\/ekologistyka24.pl\\\/#\\\/schema\\\/logo\\\/image\\\/\"},\"sameAs\":[\"https:\\\/\\\/www.facebook.com\\\/profile.php?id=100058909846099\"]},{\"@type\":\"Person\",\"@id\":\"https:\\\/\\\/ekologistyka24.pl\\\/#\\\/schema\\\/person\\\/aa9acc9b3c583ce45bd2fbeb7e4aca37\",\"name\":\"Admin\",\"image\":{\"@type\":\"ImageObject\",\"inLanguage\":\"en-GB\",\"@id\":\"https:\\\/\\\/ekologistyka24.pl\\\/wp-content\\\/litespeed\\\/avatar\\\/5e772ca5311e5fa4d0390e7dd7b25d4f.jpg?ver=1777664903\",\"url\":\"https:\\\/\\\/ekologistyka24.pl\\\/wp-content\\\/litespeed\\\/avatar\\\/5e772ca5311e5fa4d0390e7dd7b25d4f.jpg?ver=1777664903\",\"contentUrl\":\"https:\\\/\\\/ekologistyka24.pl\\\/wp-content\\\/litespeed\\\/avatar\\\/5e772ca5311e5fa4d0390e7dd7b25d4f.jpg?ver=1777664903\",\"caption\":\"Admin\"},\"sameAs\":[\"http:\\\/\\\/ekologistyka24.pl\"],\"url\":\"https:\\\/\\\/ekologistyka24.pl\\\/en\\\/author\\\/3xyotbf8kl6qprapd1pj3woyxeb2pu\\\/\"}]}<\/script>\n<!-- \/ Yoast SEO plugin. -->","yoast_head_json":{"title":"Krakow bus fleet in the service of clean air - EKOlogistyka24 - Waste transport and transport permits","robots":{"index":"index","follow":"follow","max-snippet":"max-snippet:-1","max-image-preview":"max-image-preview:large","max-video-preview":"max-video-preview:-1"},"canonical":"https:\/\/ekologistyka24.pl\/en\/krakows-bus-fleet-in-service-for-clean-air\/","og_locale":"en_GB","og_type":"article","og_title":"Krakowska flota autobusowa w s\u0142u\u017cbie dla czystego powietrza - EKOlogistyka24 - przew\u00f3z odpad\u00f3w i pozwolenia na transport","og_description":"Jeszcze przed \u015awiatowymi Dniami M\u0142odzie\u017cy Krak\u00f3w wzbogaci\u0142 si\u0119 o 60 nowych autobus\u00f3w. Maj\u0105 dwana\u015bcie metr\u00f3w i silniki Euro 6, kt\u00f3re zatroszcz\u0105 si\u0119 o krakowskie powietrze i \u015brodowisko. Ostatnimi czasy w Krakowie ruch komunikacji miejskiej bywa\u0142 cz\u0119sto zak\u0142\u00f3cony, co mo\u017cna by\u0142o wi\u0105za\u0107 z falami upa\u0142\u00f3w nawiedzaj\u0105cymi miasto. Jak jednak dowiadujemy si\u0119 u rzecznika prasowego Miejskiego Przedsi\u0119biorstwa...","og_url":"https:\/\/ekologistyka24.pl\/en\/krakows-bus-fleet-in-service-for-clean-air\/","og_site_name":"EKOlogistyka24 - przew\u00f3z odpad\u00f3w i pozwolenia na transport","article_publisher":"https:\/\/www.facebook.com\/profile.php?id=100058909846099","article_published_time":"2023-09-10T15:59:16+00:00","og_image":[{"width":720,"height":540,"url":"https:\/\/ekologistyka24.pl\/wp-content\/uploads\/2023\/09\/krakowska-flota-autobusowa-w-sluzbie-dla-czystego-powietrza-5.webp","type":"image\/webp"}],"author":"Admin","twitter_card":"summary_large_image","twitter_misc":{"Written by":"Admin","Estimated reading time":"3 minutes"},"schema":{"@context":"https:\/\/schema.org","@graph":[{"@type":"Article","@id":"https:\/\/ekologistyka24.pl\/krakowska-flota-autobusowa-w-sluzbie-dla-czystego-powietrza\/#article","isPartOf":{"@id":"https:\/\/ekologistyka24.pl\/krakowska-flota-autobusowa-w-sluzbie-dla-czystego-powietrza\/"},"author":{"name":"Admin","@id":"https:\/\/ekologistyka24.pl\/#\/schema\/person\/aa9acc9b3c583ce45bd2fbeb7e4aca37"},"headline":"Krakowska flota autobusowa w s\u0142u\u017cbie dla czystego powietrza","datePublished":"2023-09-10T15:59:16+00:00","mainEntityOfPage":{"@id":"https:\/\/ekologistyka24.pl\/krakowska-flota-autobusowa-w-sluzbie-dla-czystego-powietrza\/"},"wordCount":511,"commentCount":0,"publisher":{"@id":"https:\/\/ekologistyka24.pl\/#organization"},"image":{"@id":"https:\/\/ekologistyka24.pl\/krakowska-flota-autobusowa-w-sluzbie-dla-czystego-powietrza\/#primaryimage"},"thumbnailUrl":"https:\/\/ekologistyka24.pl\/wp-content\/uploads\/2023\/09\/krakowska-flota-autobusowa-w-sluzbie-dla-czystego-powietrza-5.webp","articleSection":["Eko Transport"],"inLanguage":"en-GB","potentialAction":[{"@type":"CommentAction","name":"Comment","target":["https:\/\/ekologistyka24.pl\/krakowska-flota-autobusowa-w-sluzbie-dla-czystego-powietrza\/#respond"]}]},{"@type":"WebPage","@id":"https:\/\/ekologistyka24.pl\/krakowska-flota-autobusowa-w-sluzbie-dla-czystego-powietrza\/","url":"https:\/\/ekologistyka24.pl\/krakowska-flota-autobusowa-w-sluzbie-dla-czystego-powietrza\/","name":"Krakow bus fleet in the service of clean air - EKOlogistyka24 - Waste transport and transport permits","isPartOf":{"@id":"https:\/\/ekologistyka24.pl\/#website"},"primaryImageOfPage":{"@id":"https:\/\/ekologistyka24.pl\/krakowska-flota-autobusowa-w-sluzbie-dla-czystego-powietrza\/#primaryimage"},"image":{"@id":"https:\/\/ekologistyka24.pl\/krakowska-flota-autobusowa-w-sluzbie-dla-czystego-powietrza\/#primaryimage"},"thumbnailUrl":"https:\/\/ekologistyka24.pl\/wp-content\/uploads\/2023\/09\/krakowska-flota-autobusowa-w-sluzbie-dla-czystego-powietrza-5.webp","datePublished":"2023-09-10T15:59:16+00:00","inLanguage":"en-GB","potentialAction":[{"@type":"ReadAction","target":["https:\/\/ekologistyka24.pl\/krakowska-flota-autobusowa-w-sluzbie-dla-czystego-powietrza\/"]}]},{"@type":"ImageObject","inLanguage":"en-GB","@id":"https:\/\/ekologistyka24.pl\/krakowska-flota-autobusowa-w-sluzbie-dla-czystego-powietrza\/#primaryimage","url":"https:\/\/ekologistyka24.pl\/wp-content\/uploads\/2023\/09\/krakowska-flota-autobusowa-w-sluzbie-dla-czystego-powietrza-5.webp","contentUrl":"https:\/\/ekologistyka24.pl\/wp-content\/uploads\/2023\/09\/krakowska-flota-autobusowa-w-sluzbie-dla-czystego-powietrza-5.webp","width":720,"height":540},{"@type":"WebSite","@id":"https:\/\/ekologistyka24.pl\/#website","url":"https:\/\/ekologistyka24.pl\/","name":"EKOlogistics24 - waste transport and transport permits","description":"","publisher":{"@id":"https:\/\/ekologistyka24.pl\/#organization"},"potentialAction":[{"@type":"SearchAction","target":{"@type":"EntryPoint","urlTemplate":"https:\/\/ekologistyka24.pl\/?s={search_term_string}"},"query-input":{"@type":"PropertyValueSpecification","valueRequired":true,"valueName":"search_term_string"}}],"inLanguage":"en-GB"},{"@type":"Organization","@id":"https:\/\/ekologistyka24.pl\/#organization","name":"EKOlogistics24 - waste transport and transport permits","url":"https:\/\/ekologistyka24.pl\/","logo":{"@type":"ImageObject","inLanguage":"en-GB","@id":"https:\/\/ekologistyka24.pl\/#\/schema\/logo\/image\/","url":"https:\/\/ekologistyka24.pl\/wp-content\/uploads\/2023\/08\/logo.png","contentUrl":"https:\/\/ekologistyka24.pl\/wp-content\/uploads\/2023\/08\/logo.png","width":220,"height":90,"caption":"EKOlogistyka24 - przew\u00f3z odpad\u00f3w i pozwolenia na transport"},"image":{"@id":"https:\/\/ekologistyka24.pl\/#\/schema\/logo\/image\/"},"sameAs":["https:\/\/www.facebook.com\/profile.php?id=100058909846099"]},{"@type":"Person","@id":"https:\/\/ekologistyka24.pl\/#\/schema\/person\/aa9acc9b3c583ce45bd2fbeb7e4aca37","name":"Admin","image":{"@type":"ImageObject","inLanguage":"en-GB","@id":"https:\/\/ekologistyka24.pl\/wp-content\/litespeed\/avatar\/5e772ca5311e5fa4d0390e7dd7b25d4f.jpg?ver=1777664903","url":"https:\/\/ekologistyka24.pl\/wp-content\/litespeed\/avatar\/5e772ca5311e5fa4d0390e7dd7b25d4f.jpg?ver=1777664903","contentUrl":"https:\/\/ekologistyka24.pl\/wp-content\/litespeed\/avatar\/5e772ca5311e5fa4d0390e7dd7b25d4f.jpg?ver=1777664903","caption":"Admin"},"sameAs":["http:\/\/ekologistyka24.pl"],"url":"https:\/\/ekologistyka24.pl\/en\/author\/3xyotbf8kl6qprapd1pj3woyxeb2pu\/"}]}},"taxonomy_info":{"category":[{"value":4,"label":"Eko Transport"}]},"featured_image_src_large":["https:\/\/ekologistyka24.pl\/wp-content\/uploads\/2023\/09\/krakowska-flota-autobusowa-w-sluzbie-dla-czystego-powietrza-5.webp",720,540,false],"author_info":{"display_name":"Admin","author_link":"https:\/\/ekologistyka24.pl\/en\/author\/3xyotbf8kl6qprapd1pj3woyxeb2pu\/"},"comment_info":0,"category_info":[{"term_id":4,"name":"Eko Transport","slug":"eko-transport","term_group":0,"term_taxonomy_id":4,"taxonomy":"category","description":"","parent":0,"count":56,"filter":"raw","cat_ID":4,"category_count":56,"category_description":"","cat_name":"Eko Transport","category_nicename":"eko-transport","category_parent":0}],"tag_info":false,"_links":{"self":[{"href":"https:\/\/ekologistyka24.pl\/en\/wp-json\/wp\/v2\/posts\/3415","targetHints":{"allow":["GET"]}}],"collection":[{"href":"https:\/\/ekologistyka24.pl\/en\/wp-json\/wp\/v2\/posts"}],"about":[{"href":"https:\/\/ekologistyka24.pl\/en\/wp-json\/wp\/v2\/types\/post"}],"author":[{"embeddable":true,"href":"https:\/\/ekologistyka24.pl\/en\/wp-json\/wp\/v2\/users\/1"}],"replies":[{"embeddable":true,"href":"https:\/\/ekologistyka24.pl\/en\/wp-json\/wp\/v2\/comments?post=3415"}],"version-history":[{"count":0,"href":"https:\/\/ekologistyka24.pl\/en\/wp-json\/wp\/v2\/posts\/3415\/revisions"}],"wp:featuredmedia":[{"embeddable":true,"href":"https:\/\/ekologistyka24.pl\/en\/wp-json\/wp\/v2\/media\/3417"}],"wp:attachment":[{"href":"https:\/\/ekologistyka24.pl\/en\/wp-json\/wp\/v2\/media?parent=3415"}],"wp:term":[{"taxonomy":"category","embeddable":true,"href":"https:\/\/ekologistyka24.pl\/en\/wp-json\/wp\/v2\/categories?post=3415"},{"taxonomy":"post_tag","embeddable":true,"href":"https:\/\/ekologistyka24.pl\/en\/wp-json\/wp\/v2\/tags?post=3415"}],"curies":[{"name":"wp","href":"https:\/\/api.w.org\/{rel}","templated":true}]}}