{"id":3436,"date":"2023-09-10T19:08:49","date_gmt":"2023-09-10T17:08:49","guid":{"rendered":"https:\/\/ekologistyka24.pl\/?p=3436"},"modified":"2023-09-10T19:08:49","modified_gmt":"2023-09-10T17:08:49","slug":"to-recycle-or-not-to-recycle-is-the-question","status":"publish","type":"post","link":"https:\/\/ekologistyka24.pl\/en\/recyklingowac-czy-nie-oto-jest-pytanie\/","title":{"rendered":"To recycle or not to recycle? - that is the question"},"content":{"rendered":"<style>.wp-block-kadence-advancedheading.kt-adv-heading3436_ea4de4-68, .wp-block-kadence-advancedheading.kt-adv-heading3436_ea4de4-68[data-kb-block=\"kb-adv-heading3436_ea4de4-68\"]{font-style:normal;}.wp-block-kadence-advancedheading.kt-adv-heading3436_ea4de4-68 mark.kt-highlight, .wp-block-kadence-advancedheading.kt-adv-heading3436_ea4de4-68[data-kb-block=\"kb-adv-heading3436_ea4de4-68\"] mark.kt-highlight{font-style:normal;color:#f76a0c;-webkit-box-decoration-break:clone;box-decoration-break:clone;padding-top:0px;padding-right:0px;padding-bottom:0px;padding-left:0px;}.wp-block-kadence-advancedheading.kt-adv-heading3436_ea4de4-68 img.kb-inline-image, .wp-block-kadence-advancedheading.kt-adv-heading3436_ea4de4-68[data-kb-block=\"kb-adv-heading3436_ea4de4-68\"] img.kb-inline-image{width:150px;vertical-align:baseline;}<\/style>\n<p class=\"kt-adv-heading3436_ea4de4-68 wp-block-kadence-advancedheading has-theme-palette-6-color has-text-color\" data-kb-block=\"kb-adv-heading3436_ea4de4-68\"><strong><strong><strong><strong><strong><strong>Wielka Brytania sprzeciwia si\u0119 og\u0142oszonym w grudniu ubieg\u0142ego roku planom, kt\u00f3re zak\u0142adaj\u0105 \u017ce do 2035 roku ka\u017cdy kraj w Europie przetwarza\u0107\u00a0b\u0119dzie blisko 65% odpad\u00f3w komunalnych.<\/strong><\/strong><\/strong><\/strong><\/strong><\/strong><\/p>\n\n\n<style>.wp-block-kadence-advancedheading.kt-adv-heading3436_33ccf3-0e, .wp-block-kadence-advancedheading.kt-adv-heading3436_33ccf3-0e[data-kb-block=\"kb-adv-heading3436_33ccf3-0e\"]{font-style:normal;}.wp-block-kadence-advancedheading.kt-adv-heading3436_33ccf3-0e mark.kt-highlight, .wp-block-kadence-advancedheading.kt-adv-heading3436_33ccf3-0e[data-kb-block=\"kb-adv-heading3436_33ccf3-0e\"] mark.kt-highlight{font-style:normal;color:#f76a0c;-webkit-box-decoration-break:clone;box-decoration-break:clone;padding-top:0px;padding-right:0px;padding-bottom:0px;padding-left:0px;}.wp-block-kadence-advancedheading.kt-adv-heading3436_33ccf3-0e img.kb-inline-image, .wp-block-kadence-advancedheading.kt-adv-heading3436_33ccf3-0e[data-kb-block=\"kb-adv-heading3436_33ccf3-0e\"] img.kb-inline-image{width:150px;vertical-align:baseline;}<\/style>\n<p class=\"kt-adv-heading3436_33ccf3-0e wp-block-kadence-advancedheading has-theme-palette-6-color has-text-color\" data-kb-block=\"kb-adv-heading3436_33ccf3-0e\">Rz\u0105dowi brytyjskiemu zarzuca si\u0119 hipokryzj\u0119, bowiem pocz\u0105tkowo zgodzi\u0142 si\u0119 na wsparcie dzia\u0142a\u0144, zmierzaj\u0105cych do osi\u0105gni\u0119cia recyklingu odpad\u00f3w komunalnych na poziomie 65%, ale teraz stoi w wyra\u017anej opozycji.<\/p>\n\n\n<style>.wp-block-kadence-advancedheading.kt-adv-heading3436_7713ad-0c, .wp-block-kadence-advancedheading.kt-adv-heading3436_7713ad-0c[data-kb-block=\"kb-adv-heading3436_7713ad-0c\"]{font-style:normal;}.wp-block-kadence-advancedheading.kt-adv-heading3436_7713ad-0c mark.kt-highlight, .wp-block-kadence-advancedheading.kt-adv-heading3436_7713ad-0c[data-kb-block=\"kb-adv-heading3436_7713ad-0c\"] mark.kt-highlight{font-style:normal;color:#f76a0c;-webkit-box-decoration-break:clone;box-decoration-break:clone;padding-top:0px;padding-right:0px;padding-bottom:0px;padding-left:0px;}.wp-block-kadence-advancedheading.kt-adv-heading3436_7713ad-0c img.kb-inline-image, .wp-block-kadence-advancedheading.kt-adv-heading3436_7713ad-0c[data-kb-block=\"kb-adv-heading3436_7713ad-0c\"] img.kb-inline-image{width:150px;vertical-align:baseline;}<\/style>\n<p class=\"kt-adv-heading3436_7713ad-0c wp-block-kadence-advancedheading has-theme-palette-6-color has-text-color\" data-kb-block=\"kb-adv-heading3436_7713ad-0c\">Pojawiaj\u0105 si\u0119 g\u0142osy sugeruj\u0105ce, \u017ce polityka recyklingowa rz\u0105du Theresy May nie by\u0142a prowadzona z my\u015bl\u0105 o poprawie sytuacji \u015brodowiska naturalnego na Wyspach, ale \u017ce chciano za jej po\u015brednictwem pozyska\u0107 poparcie m\u0142odego elektoratu has\u0142ami typu &#8222;recykling odpad\u00f3w plastikowych jest kluczowy&#8221;.<\/p>\n\n\n<style>.wp-block-kadence-advancedheading.kt-adv-heading3436_dd0c43-21, .wp-block-kadence-advancedheading.kt-adv-heading3436_dd0c43-21[data-kb-block=\"kb-adv-heading3436_dd0c43-21\"]{font-style:normal;}.wp-block-kadence-advancedheading.kt-adv-heading3436_dd0c43-21 mark.kt-highlight, .wp-block-kadence-advancedheading.kt-adv-heading3436_dd0c43-21[data-kb-block=\"kb-adv-heading3436_dd0c43-21\"] mark.kt-highlight{font-style:normal;color:#f76a0c;-webkit-box-decoration-break:clone;box-decoration-break:clone;padding-top:0px;padding-right:0px;padding-bottom:0px;padding-left:0px;}.wp-block-kadence-advancedheading.kt-adv-heading3436_dd0c43-21 img.kb-inline-image, .wp-block-kadence-advancedheading.kt-adv-heading3436_dd0c43-21[data-kb-block=\"kb-adv-heading3436_dd0c43-21\"] img.kb-inline-image{width:150px;vertical-align:baseline;}<\/style>\n<p class=\"kt-adv-heading3436_dd0c43-21 wp-block-kadence-advancedheading has-theme-palette-6-color has-text-color\" data-kb-block=\"kb-adv-heading3436_dd0c43-21\">W\u0142adze Unii Europejskiej wcze\u015bniej zak\u0142ada\u0142y poziom recyklingu odpad\u00f3w komunalnych w wysoko\u015bci 70% do 2030 roku, jednak po konsultacjach zdecydowano si\u0119 obni\u017cy\u0107 go do 65% z terminem do 2035 roku. Mimo to Wielka Brytania nadal trwa przy swoim i sprzeciwia si\u0119 polityce recyklingowej UE.<\/p>\n\n\n<style>.wp-block-kadence-advancedheading.kt-adv-heading3436_130f4a-36, .wp-block-kadence-advancedheading.kt-adv-heading3436_130f4a-36[data-kb-block=\"kb-adv-heading3436_130f4a-36\"]{font-style:normal;}.wp-block-kadence-advancedheading.kt-adv-heading3436_130f4a-36 mark.kt-highlight, .wp-block-kadence-advancedheading.kt-adv-heading3436_130f4a-36[data-kb-block=\"kb-adv-heading3436_130f4a-36\"] mark.kt-highlight{font-style:normal;color:#f76a0c;-webkit-box-decoration-break:clone;box-decoration-break:clone;padding-top:0px;padding-right:0px;padding-bottom:0px;padding-left:0px;}.wp-block-kadence-advancedheading.kt-adv-heading3436_130f4a-36 img.kb-inline-image, .wp-block-kadence-advancedheading.kt-adv-heading3436_130f4a-36[data-kb-block=\"kb-adv-heading3436_130f4a-36\"] img.kb-inline-image{width:150px;vertical-align:baseline;}<\/style>\n<p class=\"kt-adv-heading3436_130f4a-36 wp-block-kadence-advancedheading has-theme-palette-6-color has-text-color\" data-kb-block=\"kb-adv-heading3436_130f4a-36\">Post\u0119powanie polityk\u00f3w z Downing Street budzi zdziwienie tym bardziej, \u017ce przedstawiciele brytyjskich organizacji proekologicznych przyznali, i\u017c osi\u0105gni\u0119cie recyklingu na poziomie 65% mo\u017ce by\u0107 op\u0142acalne nie tylko dla \u015brodowiska, ale i dla bud\u017cetu kraju. Dowodzili oni bowiem, i\u017c w wyniku tych praktyk pa\u0144stwo zaoszcz\u0119dzi\u0142oby blisko 10 bln funt\u00f3w na gospodarce odpadami w ci\u0105gu dekady.<\/p>\n\n\n\n<blockquote class=\"wp-block-quote is-layout-flow wp-block-quote-is-layout-flow\">\n<p class=\"has-theme-palette-6-color has-text-color\">Nasz konserwatywny rz\u0105d powinien by\u0107 oceniany za to, co robi nie za\u015b za to, co m\u00f3wi<\/p>\n<\/blockquote>\n\n\n<style>.wp-block-kadence-advancedheading.kt-adv-heading3436_b175f9-57, .wp-block-kadence-advancedheading.kt-adv-heading3436_b175f9-57[data-kb-block=\"kb-adv-heading3436_b175f9-57\"]{font-style:normal;}.wp-block-kadence-advancedheading.kt-adv-heading3436_b175f9-57 mark.kt-highlight, .wp-block-kadence-advancedheading.kt-adv-heading3436_b175f9-57[data-kb-block=\"kb-adv-heading3436_b175f9-57\"] mark.kt-highlight{font-style:normal;color:#f76a0c;-webkit-box-decoration-break:clone;box-decoration-break:clone;padding-top:0px;padding-right:0px;padding-bottom:0px;padding-left:0px;}.wp-block-kadence-advancedheading.kt-adv-heading3436_b175f9-57 img.kb-inline-image, .wp-block-kadence-advancedheading.kt-adv-heading3436_b175f9-57[data-kb-block=\"kb-adv-heading3436_b175f9-57\"] img.kb-inline-image{width:150px;vertical-align:baseline;}<\/style>\n<p class=\"kt-adv-heading3436_b175f9-57 wp-block-kadence-advancedheading has-theme-palette-6-color has-text-color\" data-kb-block=\"kb-adv-heading3436_b175f9-57\">&#8211; zwraca\u0142a uwag\u0119 sekretarz ds. \u015brodowiska w gabinecie cieni, Sue Hayman. &#8211; Nie jest \u017cadnym zaskoczeniem fakt, \u017ce rz\u0105d brytyjski pr\u00f3buje za kulisami sabotowa\u0107 dzia\u0142ania na rzecz recyklingu.<\/p>\n\n\n\n<blockquote class=\"wp-block-quote is-layout-flow wp-block-quote-is-layout-flow\">\n<p class=\"has-theme-palette-6-color has-text-color\">Za kadencji obecnego rz\u0105du wska\u017aniki recyklingu stan\u0119\u0142y w miejscu i jeste\u015bmy daleko w tyle je\u015bli chodzi o realizacj\u0119 krajowych poziom\u00f3w recyklingu. Sekretarz ds. \u015brodowiska, Michael Gove musi niezw\u0142ocznie okre\u015bli\u0107 stanowisko rz\u0105du w tej sprawie<\/p>\n<\/blockquote>\n\n\n<style>.wp-block-kadence-advancedheading.kt-adv-heading3436_14ca60-16, .wp-block-kadence-advancedheading.kt-adv-heading3436_14ca60-16[data-kb-block=\"kb-adv-heading3436_14ca60-16\"]{font-style:normal;}.wp-block-kadence-advancedheading.kt-adv-heading3436_14ca60-16 mark.kt-highlight, .wp-block-kadence-advancedheading.kt-adv-heading3436_14ca60-16[data-kb-block=\"kb-adv-heading3436_14ca60-16\"] mark.kt-highlight{font-style:normal;color:#f76a0c;-webkit-box-decoration-break:clone;box-decoration-break:clone;padding-top:0px;padding-right:0px;padding-bottom:0px;padding-left:0px;}.wp-block-kadence-advancedheading.kt-adv-heading3436_14ca60-16 img.kb-inline-image, .wp-block-kadence-advancedheading.kt-adv-heading3436_14ca60-16[data-kb-block=\"kb-adv-heading3436_14ca60-16\"] img.kb-inline-image{width:150px;vertical-align:baseline;}<\/style>\n<p class=\"kt-adv-heading3436_14ca60-16 wp-block-kadence-advancedheading has-theme-palette-6-color has-text-color\" data-kb-block=\"kb-adv-heading3436_14ca60-16\">&#8211; dodaje Hayman.<\/p>\n\n\n<style>.wp-block-kadence-advancedheading.kt-adv-heading3436_13afe8-6d, .wp-block-kadence-advancedheading.kt-adv-heading3436_13afe8-6d[data-kb-block=\"kb-adv-heading3436_13afe8-6d\"]{font-style:normal;}.wp-block-kadence-advancedheading.kt-adv-heading3436_13afe8-6d mark.kt-highlight, .wp-block-kadence-advancedheading.kt-adv-heading3436_13afe8-6d[data-kb-block=\"kb-adv-heading3436_13afe8-6d\"] mark.kt-highlight{font-style:normal;color:#f76a0c;-webkit-box-decoration-break:clone;box-decoration-break:clone;padding-top:0px;padding-right:0px;padding-bottom:0px;padding-left:0px;}.wp-block-kadence-advancedheading.kt-adv-heading3436_13afe8-6d img.kb-inline-image, .wp-block-kadence-advancedheading.kt-adv-heading3436_13afe8-6d[data-kb-block=\"kb-adv-heading3436_13afe8-6d\"] img.kb-inline-image{width:150px;vertical-align:baseline;}<\/style>\n<p class=\"kt-adv-heading3436_13afe8-6d wp-block-kadence-advancedheading has-theme-palette-6-color has-text-color\" data-kb-block=\"kb-adv-heading3436_13afe8-6d\">Tymczasem Louis Edge z brytyjskiego Greenpeace zauwa\u017ca:<\/p>\n\n\n\n<blockquote class=\"wp-block-quote is-layout-flow wp-block-quote-is-layout-flow\">\n<p class=\"has-theme-palette-6-color has-text-color\">Wygl\u0105da na to, \u017ce rz\u0105d otwarcie wspiera ambitne plany recyklingowe w Westminster, podczas gdy\u00a0po cichu sprzeciwia si\u0119 im w Brukseli. Je\u015bli sekretarz Gove chce unikn\u0105\u0107 oskar\u017ce\u0144 o hipokryzj\u0119, musi dopilnowa\u0107 by jego departament nie wypowiada\u0142 si\u0119 w dwug\u0142osie, ale\u00a0by\u0142 jednomy\u015blny.<\/p>\n<\/blockquote>\n\n\n<style>.wp-block-kadence-advancedheading.kt-adv-heading3436_9e3042-34, .wp-block-kadence-advancedheading.kt-adv-heading3436_9e3042-34[data-kb-block=\"kb-adv-heading3436_9e3042-34\"]{font-style:normal;}.wp-block-kadence-advancedheading.kt-adv-heading3436_9e3042-34 mark.kt-highlight, .wp-block-kadence-advancedheading.kt-adv-heading3436_9e3042-34[data-kb-block=\"kb-adv-heading3436_9e3042-34\"] mark.kt-highlight{font-style:normal;color:#f76a0c;-webkit-box-decoration-break:clone;box-decoration-break:clone;padding-top:0px;padding-right:0px;padding-bottom:0px;padding-left:0px;}.wp-block-kadence-advancedheading.kt-adv-heading3436_9e3042-34 img.kb-inline-image, .wp-block-kadence-advancedheading.kt-adv-heading3436_9e3042-34[data-kb-block=\"kb-adv-heading3436_9e3042-34\"] img.kb-inline-image{width:150px;vertical-align:baseline;}<\/style>\n<p class=\"kt-adv-heading3436_9e3042-34 wp-block-kadence-advancedheading has-theme-palette-6-color has-text-color\" data-kb-block=\"kb-adv-heading3436_9e3042-34\">W swoim najnowszym raporcie Defra (ang. Departament of Environment, Food and Rural Affairs), brytyjskiego departamentu \u015brodowiska, podnoszono kwesti\u0119, i\u017c dysponuj\u0105c obecnymi rozwi\u0105zaniami Wielka Brytania mog\u0142aby osi\u0105gn\u0105\u0107 55% recyklingu, ale by osi\u0105gn\u0105\u0107 wy\u017cszy poziom recyklingu potrzebne s\u0105 gruntowne zmiany w gospodarstwach domowych i poszczeg\u00f3lnych sektorach gospodarki.<\/p>\n\n\n<style>.wp-block-kadence-advancedheading.kt-adv-heading3436_aded92-d2, .wp-block-kadence-advancedheading.kt-adv-heading3436_aded92-d2[data-kb-block=\"kb-adv-heading3436_aded92-d2\"]{font-style:normal;}.wp-block-kadence-advancedheading.kt-adv-heading3436_aded92-d2 mark.kt-highlight, .wp-block-kadence-advancedheading.kt-adv-heading3436_aded92-d2[data-kb-block=\"kb-adv-heading3436_aded92-d2\"] mark.kt-highlight{font-style:normal;color:#f76a0c;-webkit-box-decoration-break:clone;box-decoration-break:clone;padding-top:0px;padding-right:0px;padding-bottom:0px;padding-left:0px;}.wp-block-kadence-advancedheading.kt-adv-heading3436_aded92-d2 img.kb-inline-image, .wp-block-kadence-advancedheading.kt-adv-heading3436_aded92-d2[data-kb-block=\"kb-adv-heading3436_aded92-d2\"] img.kb-inline-image{width:150px;vertical-align:baseline;}<\/style>\n<p class=\"kt-adv-heading3436_aded92-d2 wp-block-kadence-advancedheading has-theme-palette-6-color has-text-color\" data-kb-block=\"kb-adv-heading3436_aded92-d2\"><strong>Oprac. na podst.\u00a0<a href=\"https:\/\/www.theguardian.com\/environment\/2018\/jan\/24\/uk-opposes-strong-eu-recycling-targets-despite-plastics-pledge\">The Guardian<\/a><\/strong><\/p>\n","protected":false},"excerpt":{"rendered":"<p>The UK is opposing plans announced last December to have every country in Europe recycling close to 65% of municipal waste by 2035. The UK government is being accused of hypocrisy, as it initially agreed to support measures to achieve 65% of municipal waste recycling, but now stands in clear opposition. There are claims of...<\/p>","protected":false},"author":1,"featured_media":3438,"comment_status":"open","ping_status":"open","sticky":false,"template":"","format":"standard","meta":{"_acf_changed":false,"_kad_blocks_custom_css":"","_kad_blocks_head_custom_js":"","_kad_blocks_body_custom_js":"","_kad_blocks_footer_custom_js":"","_kad_post_transparent":"","_kad_post_title":"","_kad_post_layout":"","_kad_post_sidebar_id":"","_kad_post_content_style":"","_kad_post_vertical_padding":"","_kad_post_feature":"default","_kad_post_feature_position":"","_kad_post_header":false,"_kad_post_footer":false,"_kad_post_classname":"","footnotes":""},"categories":[5],"tags":[],"class_list":["post-3436","post","type-post","status-publish","format-standard","has-post-thumbnail","hentry","category-recykling"],"acf":[],"yoast_head":"<!-- This site is optimized with the Yoast SEO plugin v27.4 - https:\/\/yoast.com\/product\/yoast-seo-wordpress\/ -->\n<title>Recyklingowa\u0107, czy nie? - oto jest pytanie - EKOlogistyka24 - przew\u00f3z odpad\u00f3w i pozwolenia na transport<\/title>\n<meta name=\"robots\" content=\"index, follow, max-snippet:-1, max-image-preview:large, max-video-preview:-1\" \/>\n<link rel=\"canonical\" href=\"https:\/\/ekologistyka24.pl\/en\/to-recycle-or-not-to-recycle-is-the-question\/\" \/>\n<meta property=\"og:locale\" content=\"en_GB\" \/>\n<meta property=\"og:type\" content=\"article\" \/>\n<meta property=\"og:title\" content=\"Recyklingowa\u0107, czy nie? - oto jest pytanie - EKOlogistyka24 - przew\u00f3z odpad\u00f3w i pozwolenia na transport\" \/>\n<meta property=\"og:description\" content=\"Wielka Brytania sprzeciwia si\u0119 og\u0142oszonym w grudniu ubieg\u0142ego roku planom, kt\u00f3re zak\u0142adaj\u0105 \u017ce do 2035 roku ka\u017cdy kraj w Europie przetwarza\u0107\u00a0b\u0119dzie blisko 65% odpad\u00f3w komunalnych. Rz\u0105dowi brytyjskiemu zarzuca si\u0119 hipokryzj\u0119, bowiem pocz\u0105tkowo zgodzi\u0142 si\u0119 na wsparcie dzia\u0142a\u0144, zmierzaj\u0105cych do osi\u0105gni\u0119cia recyklingu odpad\u00f3w komunalnych na poziomie 65%, ale teraz stoi w wyra\u017anej opozycji. Pojawiaj\u0105 si\u0119 g\u0142osy...\" \/>\n<meta property=\"og:url\" content=\"https:\/\/ekologistyka24.pl\/en\/to-recycle-or-not-to-recycle-is-the-question\/\" \/>\n<meta property=\"og:site_name\" content=\"EKOlogistyka24 - przew\u00f3z odpad\u00f3w i pozwolenia na transport\" \/>\n<meta property=\"article:publisher\" content=\"https:\/\/www.facebook.com\/profile.php?id=100058909846099\" \/>\n<meta property=\"article:published_time\" content=\"2023-09-10T17:08:49+00:00\" \/>\n<meta property=\"og:image\" content=\"https:\/\/ekologistyka24.pl\/wp-content\/uploads\/2023\/09\/recyklingowac-czy-nie-oto-jest-pytanie-5.webp\" \/>\n\t<meta property=\"og:image:width\" content=\"640\" \/>\n\t<meta property=\"og:image:height\" content=\"480\" \/>\n\t<meta property=\"og:image:type\" content=\"image\/webp\" \/>\n<meta name=\"author\" content=\"Admin\" \/>\n<meta name=\"twitter:card\" content=\"summary_large_image\" \/>\n<meta name=\"twitter:label1\" content=\"Written by\" \/>\n\t<meta name=\"twitter:data1\" content=\"Admin\" \/>\n\t<meta name=\"twitter:label2\" content=\"Estimated reading time\" \/>\n\t<meta name=\"twitter:data2\" content=\"2 minutes\" \/>\n<script type=\"application\/ld+json\" class=\"yoast-schema-graph\">{\"@context\":\"https:\\\/\\\/schema.org\",\"@graph\":[{\"@type\":\"Article\",\"@id\":\"https:\\\/\\\/ekologistyka24.pl\\\/recyklingowac-czy-nie-oto-jest-pytanie\\\/#article\",\"isPartOf\":{\"@id\":\"https:\\\/\\\/ekologistyka24.pl\\\/recyklingowac-czy-nie-oto-jest-pytanie\\\/\"},\"author\":{\"name\":\"Admin\",\"@id\":\"https:\\\/\\\/ekologistyka24.pl\\\/#\\\/schema\\\/person\\\/aa9acc9b3c583ce45bd2fbeb7e4aca37\"},\"headline\":\"Recyklingowa\u0107, czy nie? &#8211; oto jest pytanie\",\"datePublished\":\"2023-09-10T17:08:49+00:00\",\"mainEntityOfPage\":{\"@id\":\"https:\\\/\\\/ekologistyka24.pl\\\/recyklingowac-czy-nie-oto-jest-pytanie\\\/\"},\"wordCount\":437,\"commentCount\":0,\"publisher\":{\"@id\":\"https:\\\/\\\/ekologistyka24.pl\\\/#organization\"},\"image\":{\"@id\":\"https:\\\/\\\/ekologistyka24.pl\\\/recyklingowac-czy-nie-oto-jest-pytanie\\\/#primaryimage\"},\"thumbnailUrl\":\"https:\\\/\\\/ekologistyka24.pl\\\/wp-content\\\/uploads\\\/2023\\\/09\\\/recyklingowac-czy-nie-oto-jest-pytanie-5.webp\",\"articleSection\":[\"Recykling\"],\"inLanguage\":\"en-GB\",\"potentialAction\":[{\"@type\":\"CommentAction\",\"name\":\"Comment\",\"target\":[\"https:\\\/\\\/ekologistyka24.pl\\\/recyklingowac-czy-nie-oto-jest-pytanie\\\/#respond\"]}]},{\"@type\":\"WebPage\",\"@id\":\"https:\\\/\\\/ekologistyka24.pl\\\/recyklingowac-czy-nie-oto-jest-pytanie\\\/\",\"url\":\"https:\\\/\\\/ekologistyka24.pl\\\/recyklingowac-czy-nie-oto-jest-pytanie\\\/\",\"name\":\"Recyklingowa\u0107, czy nie? - oto jest pytanie - EKOlogistyka24 - przew\u00f3z odpad\u00f3w i pozwolenia na transport\",\"isPartOf\":{\"@id\":\"https:\\\/\\\/ekologistyka24.pl\\\/#website\"},\"primaryImageOfPage\":{\"@id\":\"https:\\\/\\\/ekologistyka24.pl\\\/recyklingowac-czy-nie-oto-jest-pytanie\\\/#primaryimage\"},\"image\":{\"@id\":\"https:\\\/\\\/ekologistyka24.pl\\\/recyklingowac-czy-nie-oto-jest-pytanie\\\/#primaryimage\"},\"thumbnailUrl\":\"https:\\\/\\\/ekologistyka24.pl\\\/wp-content\\\/uploads\\\/2023\\\/09\\\/recyklingowac-czy-nie-oto-jest-pytanie-5.webp\",\"datePublished\":\"2023-09-10T17:08:49+00:00\",\"inLanguage\":\"en-GB\",\"potentialAction\":[{\"@type\":\"ReadAction\",\"target\":[\"https:\\\/\\\/ekologistyka24.pl\\\/recyklingowac-czy-nie-oto-jest-pytanie\\\/\"]}]},{\"@type\":\"ImageObject\",\"inLanguage\":\"en-GB\",\"@id\":\"https:\\\/\\\/ekologistyka24.pl\\\/recyklingowac-czy-nie-oto-jest-pytanie\\\/#primaryimage\",\"url\":\"https:\\\/\\\/ekologistyka24.pl\\\/wp-content\\\/uploads\\\/2023\\\/09\\\/recyklingowac-czy-nie-oto-jest-pytanie-5.webp\",\"contentUrl\":\"https:\\\/\\\/ekologistyka24.pl\\\/wp-content\\\/uploads\\\/2023\\\/09\\\/recyklingowac-czy-nie-oto-jest-pytanie-5.webp\",\"width\":640,\"height\":480},{\"@type\":\"WebSite\",\"@id\":\"https:\\\/\\\/ekologistyka24.pl\\\/#website\",\"url\":\"https:\\\/\\\/ekologistyka24.pl\\\/\",\"name\":\"EKOlogistyka24 - przew\u00f3z odpad\u00f3w i pozwolenia na transport\",\"description\":\"\",\"publisher\":{\"@id\":\"https:\\\/\\\/ekologistyka24.pl\\\/#organization\"},\"potentialAction\":[{\"@type\":\"SearchAction\",\"target\":{\"@type\":\"EntryPoint\",\"urlTemplate\":\"https:\\\/\\\/ekologistyka24.pl\\\/?s={search_term_string}\"},\"query-input\":{\"@type\":\"PropertyValueSpecification\",\"valueRequired\":true,\"valueName\":\"search_term_string\"}}],\"inLanguage\":\"en-GB\"},{\"@type\":\"Organization\",\"@id\":\"https:\\\/\\\/ekologistyka24.pl\\\/#organization\",\"name\":\"EKOlogistyka24 - przew\u00f3z odpad\u00f3w i pozwolenia na transport\",\"url\":\"https:\\\/\\\/ekologistyka24.pl\\\/\",\"logo\":{\"@type\":\"ImageObject\",\"inLanguage\":\"en-GB\",\"@id\":\"https:\\\/\\\/ekologistyka24.pl\\\/#\\\/schema\\\/logo\\\/image\\\/\",\"url\":\"https:\\\/\\\/ekologistyka24.pl\\\/wp-content\\\/uploads\\\/2023\\\/08\\\/logo.png\",\"contentUrl\":\"https:\\\/\\\/ekologistyka24.pl\\\/wp-content\\\/uploads\\\/2023\\\/08\\\/logo.png\",\"width\":220,\"height\":90,\"caption\":\"EKOlogistyka24 - przew\u00f3z odpad\u00f3w i pozwolenia na transport\"},\"image\":{\"@id\":\"https:\\\/\\\/ekologistyka24.pl\\\/#\\\/schema\\\/logo\\\/image\\\/\"},\"sameAs\":[\"https:\\\/\\\/www.facebook.com\\\/profile.php?id=100058909846099\"]},{\"@type\":\"Person\",\"@id\":\"https:\\\/\\\/ekologistyka24.pl\\\/#\\\/schema\\\/person\\\/aa9acc9b3c583ce45bd2fbeb7e4aca37\",\"name\":\"Admin\",\"image\":{\"@type\":\"ImageObject\",\"inLanguage\":\"en-GB\",\"@id\":\"https:\\\/\\\/ekologistyka24.pl\\\/wp-content\\\/litespeed\\\/avatar\\\/5e772ca5311e5fa4d0390e7dd7b25d4f.jpg?ver=1777060035\",\"url\":\"https:\\\/\\\/ekologistyka24.pl\\\/wp-content\\\/litespeed\\\/avatar\\\/5e772ca5311e5fa4d0390e7dd7b25d4f.jpg?ver=1777060035\",\"contentUrl\":\"https:\\\/\\\/ekologistyka24.pl\\\/wp-content\\\/litespeed\\\/avatar\\\/5e772ca5311e5fa4d0390e7dd7b25d4f.jpg?ver=1777060035\",\"caption\":\"Admin\"},\"sameAs\":[\"http:\\\/\\\/ekologistyka24.pl\"],\"url\":\"https:\\\/\\\/ekologistyka24.pl\\\/en\\\/author\\\/3xyotbf8kl6qprapd1pj3woyxeb2pu\\\/\"}]}<\/script>\n<!-- \/ Yoast SEO plugin. -->","yoast_head_json":{"title":"To recycle or not to recycle? - That is the question - EKOlogistics24 - Waste transport and transport permits","robots":{"index":"index","follow":"follow","max-snippet":"max-snippet:-1","max-image-preview":"max-image-preview:large","max-video-preview":"max-video-preview:-1"},"canonical":"https:\/\/ekologistyka24.pl\/en\/to-recycle-or-not-to-recycle-is-the-question\/","og_locale":"en_GB","og_type":"article","og_title":"Recyklingowa\u0107, czy nie? - oto jest pytanie - EKOlogistyka24 - przew\u00f3z odpad\u00f3w i pozwolenia na transport","og_description":"Wielka Brytania sprzeciwia si\u0119 og\u0142oszonym w grudniu ubieg\u0142ego roku planom, kt\u00f3re zak\u0142adaj\u0105 \u017ce do 2035 roku ka\u017cdy kraj w Europie przetwarza\u0107\u00a0b\u0119dzie blisko 65% odpad\u00f3w komunalnych. Rz\u0105dowi brytyjskiemu zarzuca si\u0119 hipokryzj\u0119, bowiem pocz\u0105tkowo zgodzi\u0142 si\u0119 na wsparcie dzia\u0142a\u0144, zmierzaj\u0105cych do osi\u0105gni\u0119cia recyklingu odpad\u00f3w komunalnych na poziomie 65%, ale teraz stoi w wyra\u017anej opozycji. Pojawiaj\u0105 si\u0119 g\u0142osy...","og_url":"https:\/\/ekologistyka24.pl\/en\/to-recycle-or-not-to-recycle-is-the-question\/","og_site_name":"EKOlogistyka24 - przew\u00f3z odpad\u00f3w i pozwolenia na transport","article_publisher":"https:\/\/www.facebook.com\/profile.php?id=100058909846099","article_published_time":"2023-09-10T17:08:49+00:00","og_image":[{"width":640,"height":480,"url":"https:\/\/ekologistyka24.pl\/wp-content\/uploads\/2023\/09\/recyklingowac-czy-nie-oto-jest-pytanie-5.webp","type":"image\/webp"}],"author":"Admin","twitter_card":"summary_large_image","twitter_misc":{"Written by":"Admin","Estimated reading time":"2 minutes"},"schema":{"@context":"https:\/\/schema.org","@graph":[{"@type":"Article","@id":"https:\/\/ekologistyka24.pl\/recyklingowac-czy-nie-oto-jest-pytanie\/#article","isPartOf":{"@id":"https:\/\/ekologistyka24.pl\/recyklingowac-czy-nie-oto-jest-pytanie\/"},"author":{"name":"Admin","@id":"https:\/\/ekologistyka24.pl\/#\/schema\/person\/aa9acc9b3c583ce45bd2fbeb7e4aca37"},"headline":"Recyklingowa\u0107, czy nie? &#8211; oto jest pytanie","datePublished":"2023-09-10T17:08:49+00:00","mainEntityOfPage":{"@id":"https:\/\/ekologistyka24.pl\/recyklingowac-czy-nie-oto-jest-pytanie\/"},"wordCount":437,"commentCount":0,"publisher":{"@id":"https:\/\/ekologistyka24.pl\/#organization"},"image":{"@id":"https:\/\/ekologistyka24.pl\/recyklingowac-czy-nie-oto-jest-pytanie\/#primaryimage"},"thumbnailUrl":"https:\/\/ekologistyka24.pl\/wp-content\/uploads\/2023\/09\/recyklingowac-czy-nie-oto-jest-pytanie-5.webp","articleSection":["Recykling"],"inLanguage":"en-GB","potentialAction":[{"@type":"CommentAction","name":"Comment","target":["https:\/\/ekologistyka24.pl\/recyklingowac-czy-nie-oto-jest-pytanie\/#respond"]}]},{"@type":"WebPage","@id":"https:\/\/ekologistyka24.pl\/recyklingowac-czy-nie-oto-jest-pytanie\/","url":"https:\/\/ekologistyka24.pl\/recyklingowac-czy-nie-oto-jest-pytanie\/","name":"To recycle or not to recycle? - That is the question - EKOlogistics24 - Waste transport and transport permits","isPartOf":{"@id":"https:\/\/ekologistyka24.pl\/#website"},"primaryImageOfPage":{"@id":"https:\/\/ekologistyka24.pl\/recyklingowac-czy-nie-oto-jest-pytanie\/#primaryimage"},"image":{"@id":"https:\/\/ekologistyka24.pl\/recyklingowac-czy-nie-oto-jest-pytanie\/#primaryimage"},"thumbnailUrl":"https:\/\/ekologistyka24.pl\/wp-content\/uploads\/2023\/09\/recyklingowac-czy-nie-oto-jest-pytanie-5.webp","datePublished":"2023-09-10T17:08:49+00:00","inLanguage":"en-GB","potentialAction":[{"@type":"ReadAction","target":["https:\/\/ekologistyka24.pl\/recyklingowac-czy-nie-oto-jest-pytanie\/"]}]},{"@type":"ImageObject","inLanguage":"en-GB","@id":"https:\/\/ekologistyka24.pl\/recyklingowac-czy-nie-oto-jest-pytanie\/#primaryimage","url":"https:\/\/ekologistyka24.pl\/wp-content\/uploads\/2023\/09\/recyklingowac-czy-nie-oto-jest-pytanie-5.webp","contentUrl":"https:\/\/ekologistyka24.pl\/wp-content\/uploads\/2023\/09\/recyklingowac-czy-nie-oto-jest-pytanie-5.webp","width":640,"height":480},{"@type":"WebSite","@id":"https:\/\/ekologistyka24.pl\/#website","url":"https:\/\/ekologistyka24.pl\/","name":"EKOlogistics24 - waste transport and transport permits","description":"","publisher":{"@id":"https:\/\/ekologistyka24.pl\/#organization"},"potentialAction":[{"@type":"SearchAction","target":{"@type":"EntryPoint","urlTemplate":"https:\/\/ekologistyka24.pl\/?s={search_term_string}"},"query-input":{"@type":"PropertyValueSpecification","valueRequired":true,"valueName":"search_term_string"}}],"inLanguage":"en-GB"},{"@type":"Organization","@id":"https:\/\/ekologistyka24.pl\/#organization","name":"EKOlogistics24 - waste transport and transport permits","url":"https:\/\/ekologistyka24.pl\/","logo":{"@type":"ImageObject","inLanguage":"en-GB","@id":"https:\/\/ekologistyka24.pl\/#\/schema\/logo\/image\/","url":"https:\/\/ekologistyka24.pl\/wp-content\/uploads\/2023\/08\/logo.png","contentUrl":"https:\/\/ekologistyka24.pl\/wp-content\/uploads\/2023\/08\/logo.png","width":220,"height":90,"caption":"EKOlogistyka24 - przew\u00f3z odpad\u00f3w i pozwolenia na transport"},"image":{"@id":"https:\/\/ekologistyka24.pl\/#\/schema\/logo\/image\/"},"sameAs":["https:\/\/www.facebook.com\/profile.php?id=100058909846099"]},{"@type":"Person","@id":"https:\/\/ekologistyka24.pl\/#\/schema\/person\/aa9acc9b3c583ce45bd2fbeb7e4aca37","name":"Admin","image":{"@type":"ImageObject","inLanguage":"en-GB","@id":"https:\/\/ekologistyka24.pl\/wp-content\/litespeed\/avatar\/5e772ca5311e5fa4d0390e7dd7b25d4f.jpg?ver=1777060035","url":"https:\/\/ekologistyka24.pl\/wp-content\/litespeed\/avatar\/5e772ca5311e5fa4d0390e7dd7b25d4f.jpg?ver=1777060035","contentUrl":"https:\/\/ekologistyka24.pl\/wp-content\/litespeed\/avatar\/5e772ca5311e5fa4d0390e7dd7b25d4f.jpg?ver=1777060035","caption":"Admin"},"sameAs":["http:\/\/ekologistyka24.pl"],"url":"https:\/\/ekologistyka24.pl\/en\/author\/3xyotbf8kl6qprapd1pj3woyxeb2pu\/"}]}},"taxonomy_info":{"category":[{"value":5,"label":"Recykling"}]},"featured_image_src_large":["https:\/\/ekologistyka24.pl\/wp-content\/uploads\/2023\/09\/recyklingowac-czy-nie-oto-jest-pytanie-5.webp",640,480,false],"author_info":{"display_name":"Admin","author_link":"https:\/\/ekologistyka24.pl\/en\/author\/3xyotbf8kl6qprapd1pj3woyxeb2pu\/"},"comment_info":0,"category_info":[{"term_id":5,"name":"Recykling","slug":"recykling","term_group":0,"term_taxonomy_id":5,"taxonomy":"category","description":"","parent":0,"count":31,"filter":"raw","cat_ID":5,"category_count":31,"category_description":"","cat_name":"Recykling","category_nicename":"recykling","category_parent":0}],"tag_info":false,"_links":{"self":[{"href":"https:\/\/ekologistyka24.pl\/en\/wp-json\/wp\/v2\/posts\/3436","targetHints":{"allow":["GET"]}}],"collection":[{"href":"https:\/\/ekologistyka24.pl\/en\/wp-json\/wp\/v2\/posts"}],"about":[{"href":"https:\/\/ekologistyka24.pl\/en\/wp-json\/wp\/v2\/types\/post"}],"author":[{"embeddable":true,"href":"https:\/\/ekologistyka24.pl\/en\/wp-json\/wp\/v2\/users\/1"}],"replies":[{"embeddable":true,"href":"https:\/\/ekologistyka24.pl\/en\/wp-json\/wp\/v2\/comments?post=3436"}],"version-history":[{"count":0,"href":"https:\/\/ekologistyka24.pl\/en\/wp-json\/wp\/v2\/posts\/3436\/revisions"}],"wp:featuredmedia":[{"embeddable":true,"href":"https:\/\/ekologistyka24.pl\/en\/wp-json\/wp\/v2\/media\/3438"}],"wp:attachment":[{"href":"https:\/\/ekologistyka24.pl\/en\/wp-json\/wp\/v2\/media?parent=3436"}],"wp:term":[{"taxonomy":"category","embeddable":true,"href":"https:\/\/ekologistyka24.pl\/en\/wp-json\/wp\/v2\/categories?post=3436"},{"taxonomy":"post_tag","embeddable":true,"href":"https:\/\/ekologistyka24.pl\/en\/wp-json\/wp\/v2\/tags?post=3436"}],"curies":[{"name":"wp","href":"https:\/\/api.w.org\/{rel}","templated":true}]}}