{"id":3481,"date":"2023-09-20T10:06:19","date_gmt":"2023-09-20T08:06:19","guid":{"rendered":"https:\/\/ekologistyka24.pl\/?p=3481"},"modified":"2023-09-20T10:06:19","modified_gmt":"2023-09-20T08:06:19","slug":"german-entrepreneurs-in-the-recycling-industry-are-optimistic-about-the-future","status":"publish","type":"post","link":"https:\/\/ekologistyka24.pl\/en\/niemieccy-przedsiebiorcy-z-branzy-recyklingowej-z-optymizmem-patrza-w-przyszlosc\/","title":{"rendered":"German recyclers optimistic about the future"},"content":{"rendered":"<style>.wp-block-kadence-advancedheading.kt-adv-heading3481_c1dc85-38, .wp-block-kadence-advancedheading.kt-adv-heading3481_c1dc85-38[data-kb-block=\"kb-adv-heading3481_c1dc85-38\"]{font-style:normal;}.wp-block-kadence-advancedheading.kt-adv-heading3481_c1dc85-38 mark.kt-highlight, .wp-block-kadence-advancedheading.kt-adv-heading3481_c1dc85-38[data-kb-block=\"kb-adv-heading3481_c1dc85-38\"] mark.kt-highlight{font-style:normal;color:#f76a0c;-webkit-box-decoration-break:clone;box-decoration-break:clone;padding-top:0px;padding-right:0px;padding-bottom:0px;padding-left:0px;}.wp-block-kadence-advancedheading.kt-adv-heading3481_c1dc85-38 img.kb-inline-image, .wp-block-kadence-advancedheading.kt-adv-heading3481_c1dc85-38[data-kb-block=\"kb-adv-heading3481_c1dc85-38\"] img.kb-inline-image{width:150px;vertical-align:baseline;}<\/style>\n<p class=\"kt-adv-heading3481_c1dc85-38 wp-block-kadence-advancedheading has-theme-palette-6-color has-text-color\" data-kb-block=\"kb-adv-heading3481_c1dc85-38\"><strong><strong><strong>Martijn Reintjes, nawi\u0105zuj\u0105c do wynik\u00f3w sonda\u017cu dla VDM &#8211; niemieckiego stowarzyszenia, zrzeszaj\u0105cego przedsi\u0119biorc\u00f3w z bran\u017cy recyklingu metali zwraca uwag\u0119, \u017ce wspomniany sektor odnotowuje coraz wi\u0119ksze zyski. Blisko 89% firm, nale\u017c\u0105cych do stowarzyszenia okre\u015bli\u0142o swoj\u0105 sytuacj\u0119 jako pozytywn\u0105, a 92% pytanych wyrazi\u0142o optymizm wobec nadchodz\u0105cych miesi\u0119cy.<\/strong><\/strong><\/strong><\/p>\n\n\n\n<blockquote class=\"wp-block-quote is-layout-flow wp-block-quote-is-layout-flow\">\n<p><em>Ceny surowca metalowego, utrzymuj\u0105ce si\u0119 na r\u00f3wnym poziomie i stabilna niemiecka gospodarka by\u0142y motorem nap\u0119dowym, kt\u00f3ry przyczyni\u0142 si\u0119 do tego, \u017ce przedsi\u0119biorcy zaczynaj\u0105 coraz \u015bmielej dzia\u0142a\u0107 na rynku<\/em>.<\/p>\n<cite><em>m\u00f3wi prezes VDM, Thomas Reuther.<\/em><\/cite><\/blockquote>\n\n\n<style>.wp-block-kadence-advancedheading.kt-adv-heading3481_b1ebd5-56, .wp-block-kadence-advancedheading.kt-adv-heading3481_b1ebd5-56[data-kb-block=\"kb-adv-heading3481_b1ebd5-56\"]{font-style:normal;}.wp-block-kadence-advancedheading.kt-adv-heading3481_b1ebd5-56 mark.kt-highlight, .wp-block-kadence-advancedheading.kt-adv-heading3481_b1ebd5-56[data-kb-block=\"kb-adv-heading3481_b1ebd5-56\"] mark.kt-highlight{font-style:normal;color:#f76a0c;-webkit-box-decoration-break:clone;box-decoration-break:clone;padding-top:0px;padding-right:0px;padding-bottom:0px;padding-left:0px;}.wp-block-kadence-advancedheading.kt-adv-heading3481_b1ebd5-56 img.kb-inline-image, .wp-block-kadence-advancedheading.kt-adv-heading3481_b1ebd5-56[data-kb-block=\"kb-adv-heading3481_b1ebd5-56\"] img.kb-inline-image{width:150px;vertical-align:baseline;}<\/style>\n<p class=\"kt-adv-heading3481_b1ebd5-56 wp-block-kadence-advancedheading has-theme-palette-6-color has-text-color\" data-kb-block=\"kb-adv-heading3481_b1ebd5-56\">VDM odnotowa\u0142o r\u00f3wnie\u017c rosn\u0105ce obawy swoich cz\u0142onk\u00f3w, dotycz\u0105ce \u015bwiatowej niestabilno\u015bci politycznej, kt\u00f3ra negatywnie wp\u0142ywa na biznes.<\/p>\n\n\n<style>.wp-block-kadence-advancedheading.kt-adv-heading3481_afc3e8-89, .wp-block-kadence-advancedheading.kt-adv-heading3481_afc3e8-89[data-kb-block=\"kb-adv-heading3481_afc3e8-89\"]{font-style:normal;}.wp-block-kadence-advancedheading.kt-adv-heading3481_afc3e8-89 mark.kt-highlight, .wp-block-kadence-advancedheading.kt-adv-heading3481_afc3e8-89[data-kb-block=\"kb-adv-heading3481_afc3e8-89\"] mark.kt-highlight{font-style:normal;color:#f76a0c;-webkit-box-decoration-break:clone;box-decoration-break:clone;padding-top:0px;padding-right:0px;padding-bottom:0px;padding-left:0px;}.wp-block-kadence-advancedheading.kt-adv-heading3481_afc3e8-89 img.kb-inline-image, .wp-block-kadence-advancedheading.kt-adv-heading3481_afc3e8-89[data-kb-block=\"kb-adv-heading3481_afc3e8-89\"] img.kb-inline-image{width:150px;vertical-align:baseline;}<\/style>\n<p class=\"kt-adv-heading3481_afc3e8-89 wp-block-kadence-advancedheading has-theme-palette-6-color has-text-color\" data-kb-block=\"kb-adv-heading3481_afc3e8-89\">Wed\u0142ug VDM niemieccy przedsi\u0119biorcy z bran\u017cy metalowej oczekuj\u0105 wzrostu cen surowca w drugim kwartale 2017 roku.<\/p>\n\n\n<style>.wp-block-kadence-advancedheading.kt-adv-heading3481_d6b7f7-fd, .wp-block-kadence-advancedheading.kt-adv-heading3481_d6b7f7-fd[data-kb-block=\"kb-adv-heading3481_d6b7f7-fd\"]{font-style:normal;}.wp-block-kadence-advancedheading.kt-adv-heading3481_d6b7f7-fd mark.kt-highlight, .wp-block-kadence-advancedheading.kt-adv-heading3481_d6b7f7-fd[data-kb-block=\"kb-adv-heading3481_d6b7f7-fd\"] mark.kt-highlight{font-style:normal;color:#f76a0c;-webkit-box-decoration-break:clone;box-decoration-break:clone;padding-top:0px;padding-right:0px;padding-bottom:0px;padding-left:0px;}.wp-block-kadence-advancedheading.kt-adv-heading3481_d6b7f7-fd img.kb-inline-image, .wp-block-kadence-advancedheading.kt-adv-heading3481_d6b7f7-fd[data-kb-block=\"kb-adv-heading3481_d6b7f7-fd\"] img.kb-inline-image{width:150px;vertical-align:baseline;}<\/style>\n<p class=\"kt-adv-heading3481_d6b7f7-fd wp-block-kadence-advancedheading has-theme-palette-6-color has-text-color\" data-kb-block=\"kb-adv-heading3481_d6b7f7-fd\"><strong>Oprac. na podst.<\/strong>\u00a0<a rel=\"noreferrer noopener\" href=\"http:\/\/www.recyclinginternational.com\/recycling-news\/10523\/business\/germany\/good-mood-returns-germany-039-s-scrap-yards\" target=\"_blank\">Martijn Reintjes, Good mood returns to Germany\u2019s scrap yards<\/a><\/p>\n","protected":false},"excerpt":{"rendered":"<p>Martijn Reintjes, referring to the results of a survey for the VDM, the German association for entrepreneurs in the metal recycling industry, points out that the sector in question is experiencing increasing profits. Almost 89% of the association's member companies described their situation as positive and 92% of those questioned expressed optimism about the coming months. The prices of the raw metal, which remain at an even level and a stable...<\/p>","protected":false},"author":1,"featured_media":3483,"comment_status":"open","ping_status":"open","sticky":false,"template":"","format":"standard","meta":{"_acf_changed":false,"_kad_blocks_custom_css":"","_kad_blocks_head_custom_js":"","_kad_blocks_body_custom_js":"","_kad_blocks_footer_custom_js":"","_kad_post_transparent":"","_kad_post_title":"","_kad_post_layout":"","_kad_post_sidebar_id":"","_kad_post_content_style":"","_kad_post_vertical_padding":"","_kad_post_feature":"default","_kad_post_feature_position":"","_kad_post_header":false,"_kad_post_footer":false,"_kad_post_classname":"","footnotes":""},"categories":[12],"tags":[],"class_list":["post-3481","post","type-post","status-publish","format-standard","has-post-thumbnail","hentry","category-biznes-i-inwestycje"],"acf":[],"yoast_head":"<!-- This site is optimized with the Yoast SEO plugin v27.5 - https:\/\/yoast.com\/product\/yoast-seo-wordpress\/ -->\n<title>Niemieccy przedsi\u0119biorcy z bran\u017cy recyklingowej z optymizmem patrz\u0105 w przysz\u0142o\u015b\u0107 - EKOlogistyka24 - przew\u00f3z odpad\u00f3w i pozwolenia na transport<\/title>\n<meta name=\"robots\" content=\"index, follow, max-snippet:-1, max-image-preview:large, max-video-preview:-1\" \/>\n<link rel=\"canonical\" href=\"https:\/\/ekologistyka24.pl\/en\/german-entrepreneurs-in-the-recycling-industry-are-optimistic-about-the-future\/\" \/>\n<meta property=\"og:locale\" content=\"en_GB\" \/>\n<meta property=\"og:type\" content=\"article\" \/>\n<meta property=\"og:title\" content=\"Niemieccy przedsi\u0119biorcy z bran\u017cy recyklingowej z optymizmem patrz\u0105 w przysz\u0142o\u015b\u0107 - EKOlogistyka24 - przew\u00f3z odpad\u00f3w i pozwolenia na transport\" \/>\n<meta property=\"og:description\" content=\"Martijn Reintjes, nawi\u0105zuj\u0105c do wynik\u00f3w sonda\u017cu dla VDM &#8211; niemieckiego stowarzyszenia, zrzeszaj\u0105cego przedsi\u0119biorc\u00f3w z bran\u017cy recyklingu metali zwraca uwag\u0119, \u017ce wspomniany sektor odnotowuje coraz wi\u0119ksze zyski. Blisko 89% firm, nale\u017c\u0105cych do stowarzyszenia okre\u015bli\u0142o swoj\u0105 sytuacj\u0119 jako pozytywn\u0105, a 92% pytanych wyrazi\u0142o optymizm wobec nadchodz\u0105cych miesi\u0119cy. Ceny surowca metalowego, utrzymuj\u0105ce si\u0119 na r\u00f3wnym poziomie i stabilna...\" \/>\n<meta property=\"og:url\" content=\"https:\/\/ekologistyka24.pl\/en\/german-entrepreneurs-in-the-recycling-industry-are-optimistic-about-the-future\/\" \/>\n<meta property=\"og:site_name\" content=\"EKOlogistyka24 - przew\u00f3z odpad\u00f3w i pozwolenia na transport\" \/>\n<meta property=\"article:publisher\" content=\"https:\/\/www.facebook.com\/profile.php?id=100058909846099\" \/>\n<meta property=\"article:published_time\" content=\"2023-09-20T08:06:19+00:00\" \/>\n<meta property=\"og:image\" content=\"https:\/\/ekologistyka24.pl\/wp-content\/uploads\/2023\/09\/125.webp\" \/>\n\t<meta property=\"og:image:width\" content=\"720\" \/>\n\t<meta property=\"og:image:height\" content=\"540\" \/>\n\t<meta property=\"og:image:type\" content=\"image\/webp\" \/>\n<meta name=\"author\" content=\"Admin\" \/>\n<meta name=\"twitter:card\" content=\"summary_large_image\" \/>\n<meta name=\"twitter:label1\" content=\"Written by\" \/>\n\t<meta name=\"twitter:data1\" content=\"Admin\" \/>\n\t<meta name=\"twitter:label2\" content=\"Estimated reading time\" \/>\n\t<meta name=\"twitter:data2\" content=\"1 minute\" \/>\n<script type=\"application\/ld+json\" class=\"yoast-schema-graph\">{\"@context\":\"https:\\\/\\\/schema.org\",\"@graph\":[{\"@type\":\"Article\",\"@id\":\"https:\\\/\\\/ekologistyka24.pl\\\/niemieccy-przedsiebiorcy-z-branzy-recyklingowej-z-optymizmem-patrza-w-przyszlosc\\\/#article\",\"isPartOf\":{\"@id\":\"https:\\\/\\\/ekologistyka24.pl\\\/niemieccy-przedsiebiorcy-z-branzy-recyklingowej-z-optymizmem-patrza-w-przyszlosc\\\/\"},\"author\":{\"name\":\"Admin\",\"@id\":\"https:\\\/\\\/ekologistyka24.pl\\\/#\\\/schema\\\/person\\\/aa9acc9b3c583ce45bd2fbeb7e4aca37\"},\"headline\":\"Niemieccy przedsi\u0119biorcy z bran\u017cy recyklingowej z optymizmem patrz\u0105 w przysz\u0142o\u015b\u0107\",\"datePublished\":\"2023-09-20T08:06:19+00:00\",\"mainEntityOfPage\":{\"@id\":\"https:\\\/\\\/ekologistyka24.pl\\\/niemieccy-przedsiebiorcy-z-branzy-recyklingowej-z-optymizmem-patrza-w-przyszlosc\\\/\"},\"wordCount\":168,\"commentCount\":0,\"publisher\":{\"@id\":\"https:\\\/\\\/ekologistyka24.pl\\\/#organization\"},\"image\":{\"@id\":\"https:\\\/\\\/ekologistyka24.pl\\\/niemieccy-przedsiebiorcy-z-branzy-recyklingowej-z-optymizmem-patrza-w-przyszlosc\\\/#primaryimage\"},\"thumbnailUrl\":\"https:\\\/\\\/ekologistyka24.pl\\\/wp-content\\\/uploads\\\/2023\\\/09\\\/125.webp\",\"articleSection\":[\"Biznes i Inwestycje\"],\"inLanguage\":\"en-GB\",\"potentialAction\":[{\"@type\":\"CommentAction\",\"name\":\"Comment\",\"target\":[\"https:\\\/\\\/ekologistyka24.pl\\\/niemieccy-przedsiebiorcy-z-branzy-recyklingowej-z-optymizmem-patrza-w-przyszlosc\\\/#respond\"]}]},{\"@type\":\"WebPage\",\"@id\":\"https:\\\/\\\/ekologistyka24.pl\\\/niemieccy-przedsiebiorcy-z-branzy-recyklingowej-z-optymizmem-patrza-w-przyszlosc\\\/\",\"url\":\"https:\\\/\\\/ekologistyka24.pl\\\/niemieccy-przedsiebiorcy-z-branzy-recyklingowej-z-optymizmem-patrza-w-przyszlosc\\\/\",\"name\":\"Niemieccy przedsi\u0119biorcy z bran\u017cy recyklingowej z optymizmem patrz\u0105 w przysz\u0142o\u015b\u0107 - EKOlogistyka24 - przew\u00f3z odpad\u00f3w i pozwolenia na transport\",\"isPartOf\":{\"@id\":\"https:\\\/\\\/ekologistyka24.pl\\\/#website\"},\"primaryImageOfPage\":{\"@id\":\"https:\\\/\\\/ekologistyka24.pl\\\/niemieccy-przedsiebiorcy-z-branzy-recyklingowej-z-optymizmem-patrza-w-przyszlosc\\\/#primaryimage\"},\"image\":{\"@id\":\"https:\\\/\\\/ekologistyka24.pl\\\/niemieccy-przedsiebiorcy-z-branzy-recyklingowej-z-optymizmem-patrza-w-przyszlosc\\\/#primaryimage\"},\"thumbnailUrl\":\"https:\\\/\\\/ekologistyka24.pl\\\/wp-content\\\/uploads\\\/2023\\\/09\\\/125.webp\",\"datePublished\":\"2023-09-20T08:06:19+00:00\",\"inLanguage\":\"en-GB\",\"potentialAction\":[{\"@type\":\"ReadAction\",\"target\":[\"https:\\\/\\\/ekologistyka24.pl\\\/niemieccy-przedsiebiorcy-z-branzy-recyklingowej-z-optymizmem-patrza-w-przyszlosc\\\/\"]}]},{\"@type\":\"ImageObject\",\"inLanguage\":\"en-GB\",\"@id\":\"https:\\\/\\\/ekologistyka24.pl\\\/niemieccy-przedsiebiorcy-z-branzy-recyklingowej-z-optymizmem-patrza-w-przyszlosc\\\/#primaryimage\",\"url\":\"https:\\\/\\\/ekologistyka24.pl\\\/wp-content\\\/uploads\\\/2023\\\/09\\\/125.webp\",\"contentUrl\":\"https:\\\/\\\/ekologistyka24.pl\\\/wp-content\\\/uploads\\\/2023\\\/09\\\/125.webp\",\"width\":720,\"height\":540},{\"@type\":\"WebSite\",\"@id\":\"https:\\\/\\\/ekologistyka24.pl\\\/#website\",\"url\":\"https:\\\/\\\/ekologistyka24.pl\\\/\",\"name\":\"EKOlogistyka24 - przew\u00f3z odpad\u00f3w i pozwolenia na transport\",\"description\":\"\",\"publisher\":{\"@id\":\"https:\\\/\\\/ekologistyka24.pl\\\/#organization\"},\"potentialAction\":[{\"@type\":\"SearchAction\",\"target\":{\"@type\":\"EntryPoint\",\"urlTemplate\":\"https:\\\/\\\/ekologistyka24.pl\\\/?s={search_term_string}\"},\"query-input\":{\"@type\":\"PropertyValueSpecification\",\"valueRequired\":true,\"valueName\":\"search_term_string\"}}],\"inLanguage\":\"en-GB\"},{\"@type\":\"Organization\",\"@id\":\"https:\\\/\\\/ekologistyka24.pl\\\/#organization\",\"name\":\"EKOlogistyka24 - przew\u00f3z odpad\u00f3w i pozwolenia na transport\",\"url\":\"https:\\\/\\\/ekologistyka24.pl\\\/\",\"logo\":{\"@type\":\"ImageObject\",\"inLanguage\":\"en-GB\",\"@id\":\"https:\\\/\\\/ekologistyka24.pl\\\/#\\\/schema\\\/logo\\\/image\\\/\",\"url\":\"https:\\\/\\\/ekologistyka24.pl\\\/wp-content\\\/uploads\\\/2023\\\/08\\\/logo.png\",\"contentUrl\":\"https:\\\/\\\/ekologistyka24.pl\\\/wp-content\\\/uploads\\\/2023\\\/08\\\/logo.png\",\"width\":220,\"height\":90,\"caption\":\"EKOlogistyka24 - przew\u00f3z odpad\u00f3w i pozwolenia na transport\"},\"image\":{\"@id\":\"https:\\\/\\\/ekologistyka24.pl\\\/#\\\/schema\\\/logo\\\/image\\\/\"},\"sameAs\":[\"https:\\\/\\\/www.facebook.com\\\/profile.php?id=100058909846099\"]},{\"@type\":\"Person\",\"@id\":\"https:\\\/\\\/ekologistyka24.pl\\\/#\\\/schema\\\/person\\\/aa9acc9b3c583ce45bd2fbeb7e4aca37\",\"name\":\"Admin\",\"image\":{\"@type\":\"ImageObject\",\"inLanguage\":\"en-GB\",\"@id\":\"https:\\\/\\\/ekologistyka24.pl\\\/wp-content\\\/litespeed\\\/avatar\\\/5e772ca5311e5fa4d0390e7dd7b25d4f.jpg?ver=1777664903\",\"url\":\"https:\\\/\\\/ekologistyka24.pl\\\/wp-content\\\/litespeed\\\/avatar\\\/5e772ca5311e5fa4d0390e7dd7b25d4f.jpg?ver=1777664903\",\"contentUrl\":\"https:\\\/\\\/ekologistyka24.pl\\\/wp-content\\\/litespeed\\\/avatar\\\/5e772ca5311e5fa4d0390e7dd7b25d4f.jpg?ver=1777664903\",\"caption\":\"Admin\"},\"sameAs\":[\"http:\\\/\\\/ekologistyka24.pl\"],\"url\":\"https:\\\/\\\/ekologistyka24.pl\\\/en\\\/author\\\/3xyotbf8kl6qprapd1pj3woyxeb2pu\\\/\"}]}<\/script>\n<!-- \/ Yoast SEO plugin. -->","yoast_head_json":{"title":"German recyclers are optimistic about the future - ECOlogistics24 - Waste haulage and transport permits","robots":{"index":"index","follow":"follow","max-snippet":"max-snippet:-1","max-image-preview":"max-image-preview:large","max-video-preview":"max-video-preview:-1"},"canonical":"https:\/\/ekologistyka24.pl\/en\/german-entrepreneurs-in-the-recycling-industry-are-optimistic-about-the-future\/","og_locale":"en_GB","og_type":"article","og_title":"Niemieccy przedsi\u0119biorcy z bran\u017cy recyklingowej z optymizmem patrz\u0105 w przysz\u0142o\u015b\u0107 - EKOlogistyka24 - przew\u00f3z odpad\u00f3w i pozwolenia na transport","og_description":"Martijn Reintjes, nawi\u0105zuj\u0105c do wynik\u00f3w sonda\u017cu dla VDM &#8211; niemieckiego stowarzyszenia, zrzeszaj\u0105cego przedsi\u0119biorc\u00f3w z bran\u017cy recyklingu metali zwraca uwag\u0119, \u017ce wspomniany sektor odnotowuje coraz wi\u0119ksze zyski. Blisko 89% firm, nale\u017c\u0105cych do stowarzyszenia okre\u015bli\u0142o swoj\u0105 sytuacj\u0119 jako pozytywn\u0105, a 92% pytanych wyrazi\u0142o optymizm wobec nadchodz\u0105cych miesi\u0119cy. Ceny surowca metalowego, utrzymuj\u0105ce si\u0119 na r\u00f3wnym poziomie i stabilna...","og_url":"https:\/\/ekologistyka24.pl\/en\/german-entrepreneurs-in-the-recycling-industry-are-optimistic-about-the-future\/","og_site_name":"EKOlogistyka24 - przew\u00f3z odpad\u00f3w i pozwolenia na transport","article_publisher":"https:\/\/www.facebook.com\/profile.php?id=100058909846099","article_published_time":"2023-09-20T08:06:19+00:00","og_image":[{"width":720,"height":540,"url":"https:\/\/ekologistyka24.pl\/wp-content\/uploads\/2023\/09\/125.webp","type":"image\/webp"}],"author":"Admin","twitter_card":"summary_large_image","twitter_misc":{"Written by":"Admin","Estimated reading time":"1 minute"},"schema":{"@context":"https:\/\/schema.org","@graph":[{"@type":"Article","@id":"https:\/\/ekologistyka24.pl\/niemieccy-przedsiebiorcy-z-branzy-recyklingowej-z-optymizmem-patrza-w-przyszlosc\/#article","isPartOf":{"@id":"https:\/\/ekologistyka24.pl\/niemieccy-przedsiebiorcy-z-branzy-recyklingowej-z-optymizmem-patrza-w-przyszlosc\/"},"author":{"name":"Admin","@id":"https:\/\/ekologistyka24.pl\/#\/schema\/person\/aa9acc9b3c583ce45bd2fbeb7e4aca37"},"headline":"Niemieccy przedsi\u0119biorcy z bran\u017cy recyklingowej z optymizmem patrz\u0105 w przysz\u0142o\u015b\u0107","datePublished":"2023-09-20T08:06:19+00:00","mainEntityOfPage":{"@id":"https:\/\/ekologistyka24.pl\/niemieccy-przedsiebiorcy-z-branzy-recyklingowej-z-optymizmem-patrza-w-przyszlosc\/"},"wordCount":168,"commentCount":0,"publisher":{"@id":"https:\/\/ekologistyka24.pl\/#organization"},"image":{"@id":"https:\/\/ekologistyka24.pl\/niemieccy-przedsiebiorcy-z-branzy-recyklingowej-z-optymizmem-patrza-w-przyszlosc\/#primaryimage"},"thumbnailUrl":"https:\/\/ekologistyka24.pl\/wp-content\/uploads\/2023\/09\/125.webp","articleSection":["Biznes i Inwestycje"],"inLanguage":"en-GB","potentialAction":[{"@type":"CommentAction","name":"Comment","target":["https:\/\/ekologistyka24.pl\/niemieccy-przedsiebiorcy-z-branzy-recyklingowej-z-optymizmem-patrza-w-przyszlosc\/#respond"]}]},{"@type":"WebPage","@id":"https:\/\/ekologistyka24.pl\/niemieccy-przedsiebiorcy-z-branzy-recyklingowej-z-optymizmem-patrza-w-przyszlosc\/","url":"https:\/\/ekologistyka24.pl\/niemieccy-przedsiebiorcy-z-branzy-recyklingowej-z-optymizmem-patrza-w-przyszlosc\/","name":"German recyclers are optimistic about the future - ECOlogistics24 - Waste haulage and transport permits","isPartOf":{"@id":"https:\/\/ekologistyka24.pl\/#website"},"primaryImageOfPage":{"@id":"https:\/\/ekologistyka24.pl\/niemieccy-przedsiebiorcy-z-branzy-recyklingowej-z-optymizmem-patrza-w-przyszlosc\/#primaryimage"},"image":{"@id":"https:\/\/ekologistyka24.pl\/niemieccy-przedsiebiorcy-z-branzy-recyklingowej-z-optymizmem-patrza-w-przyszlosc\/#primaryimage"},"thumbnailUrl":"https:\/\/ekologistyka24.pl\/wp-content\/uploads\/2023\/09\/125.webp","datePublished":"2023-09-20T08:06:19+00:00","inLanguage":"en-GB","potentialAction":[{"@type":"ReadAction","target":["https:\/\/ekologistyka24.pl\/niemieccy-przedsiebiorcy-z-branzy-recyklingowej-z-optymizmem-patrza-w-przyszlosc\/"]}]},{"@type":"ImageObject","inLanguage":"en-GB","@id":"https:\/\/ekologistyka24.pl\/niemieccy-przedsiebiorcy-z-branzy-recyklingowej-z-optymizmem-patrza-w-przyszlosc\/#primaryimage","url":"https:\/\/ekologistyka24.pl\/wp-content\/uploads\/2023\/09\/125.webp","contentUrl":"https:\/\/ekologistyka24.pl\/wp-content\/uploads\/2023\/09\/125.webp","width":720,"height":540},{"@type":"WebSite","@id":"https:\/\/ekologistyka24.pl\/#website","url":"https:\/\/ekologistyka24.pl\/","name":"EKOlogistics24 - waste transport and transport permits","description":"","publisher":{"@id":"https:\/\/ekologistyka24.pl\/#organization"},"potentialAction":[{"@type":"SearchAction","target":{"@type":"EntryPoint","urlTemplate":"https:\/\/ekologistyka24.pl\/?s={search_term_string}"},"query-input":{"@type":"PropertyValueSpecification","valueRequired":true,"valueName":"search_term_string"}}],"inLanguage":"en-GB"},{"@type":"Organization","@id":"https:\/\/ekologistyka24.pl\/#organization","name":"EKOlogistics24 - waste transport and transport permits","url":"https:\/\/ekologistyka24.pl\/","logo":{"@type":"ImageObject","inLanguage":"en-GB","@id":"https:\/\/ekologistyka24.pl\/#\/schema\/logo\/image\/","url":"https:\/\/ekologistyka24.pl\/wp-content\/uploads\/2023\/08\/logo.png","contentUrl":"https:\/\/ekologistyka24.pl\/wp-content\/uploads\/2023\/08\/logo.png","width":220,"height":90,"caption":"EKOlogistyka24 - przew\u00f3z odpad\u00f3w i pozwolenia na transport"},"image":{"@id":"https:\/\/ekologistyka24.pl\/#\/schema\/logo\/image\/"},"sameAs":["https:\/\/www.facebook.com\/profile.php?id=100058909846099"]},{"@type":"Person","@id":"https:\/\/ekologistyka24.pl\/#\/schema\/person\/aa9acc9b3c583ce45bd2fbeb7e4aca37","name":"Admin","image":{"@type":"ImageObject","inLanguage":"en-GB","@id":"https:\/\/ekologistyka24.pl\/wp-content\/litespeed\/avatar\/5e772ca5311e5fa4d0390e7dd7b25d4f.jpg?ver=1777664903","url":"https:\/\/ekologistyka24.pl\/wp-content\/litespeed\/avatar\/5e772ca5311e5fa4d0390e7dd7b25d4f.jpg?ver=1777664903","contentUrl":"https:\/\/ekologistyka24.pl\/wp-content\/litespeed\/avatar\/5e772ca5311e5fa4d0390e7dd7b25d4f.jpg?ver=1777664903","caption":"Admin"},"sameAs":["http:\/\/ekologistyka24.pl"],"url":"https:\/\/ekologistyka24.pl\/en\/author\/3xyotbf8kl6qprapd1pj3woyxeb2pu\/"}]}},"taxonomy_info":{"category":[{"value":12,"label":"Biznes i Inwestycje"}]},"featured_image_src_large":["https:\/\/ekologistyka24.pl\/wp-content\/uploads\/2023\/09\/125.webp",720,540,false],"author_info":{"display_name":"Admin","author_link":"https:\/\/ekologistyka24.pl\/en\/author\/3xyotbf8kl6qprapd1pj3woyxeb2pu\/"},"comment_info":0,"category_info":[{"term_id":12,"name":"Biznes i Inwestycje","slug":"biznes-i-inwestycje","term_group":0,"term_taxonomy_id":12,"taxonomy":"category","description":"","parent":0,"count":53,"filter":"raw","cat_ID":12,"category_count":53,"category_description":"","cat_name":"Biznes i Inwestycje","category_nicename":"biznes-i-inwestycje","category_parent":0}],"tag_info":false,"_links":{"self":[{"href":"https:\/\/ekologistyka24.pl\/en\/wp-json\/wp\/v2\/posts\/3481","targetHints":{"allow":["GET"]}}],"collection":[{"href":"https:\/\/ekologistyka24.pl\/en\/wp-json\/wp\/v2\/posts"}],"about":[{"href":"https:\/\/ekologistyka24.pl\/en\/wp-json\/wp\/v2\/types\/post"}],"author":[{"embeddable":true,"href":"https:\/\/ekologistyka24.pl\/en\/wp-json\/wp\/v2\/users\/1"}],"replies":[{"embeddable":true,"href":"https:\/\/ekologistyka24.pl\/en\/wp-json\/wp\/v2\/comments?post=3481"}],"version-history":[{"count":0,"href":"https:\/\/ekologistyka24.pl\/en\/wp-json\/wp\/v2\/posts\/3481\/revisions"}],"wp:featuredmedia":[{"embeddable":true,"href":"https:\/\/ekologistyka24.pl\/en\/wp-json\/wp\/v2\/media\/3483"}],"wp:attachment":[{"href":"https:\/\/ekologistyka24.pl\/en\/wp-json\/wp\/v2\/media?parent=3481"}],"wp:term":[{"taxonomy":"category","embeddable":true,"href":"https:\/\/ekologistyka24.pl\/en\/wp-json\/wp\/v2\/categories?post=3481"},{"taxonomy":"post_tag","embeddable":true,"href":"https:\/\/ekologistyka24.pl\/en\/wp-json\/wp\/v2\/tags?post=3481"}],"curies":[{"name":"wp","href":"https:\/\/api.w.org\/{rel}","templated":true}]}}