{"id":3519,"date":"2023-09-20T11:59:47","date_gmt":"2023-09-20T09:59:47","guid":{"rendered":"https:\/\/ekologistyka24.pl\/?p=3519"},"modified":"2023-09-20T11:59:47","modified_gmt":"2023-09-20T09:59:47","slug":"polish-coal-poisons-less-minister-szyszko-in-the-sejm-on-smog","status":"publish","type":"post","link":"https:\/\/ekologistyka24.pl\/en\/polski-wegiel-truje-mniej-minister-szyszko-w-sejmie-o-smogu\/","title":{"rendered":"Polish coal poisons less. Minister Szyszko in the Sejm on smog"},"content":{"rendered":"<style>.wp-block-kadence-advancedheading.kt-adv-heading3519_0d6ec1-17, .wp-block-kadence-advancedheading.kt-adv-heading3519_0d6ec1-17[data-kb-block=\"kb-adv-heading3519_0d6ec1-17\"]{font-style:normal;}.wp-block-kadence-advancedheading.kt-adv-heading3519_0d6ec1-17 mark.kt-highlight, .wp-block-kadence-advancedheading.kt-adv-heading3519_0d6ec1-17[data-kb-block=\"kb-adv-heading3519_0d6ec1-17\"] mark.kt-highlight{font-style:normal;color:#f76a0c;-webkit-box-decoration-break:clone;box-decoration-break:clone;padding-top:0px;padding-right:0px;padding-bottom:0px;padding-left:0px;}.wp-block-kadence-advancedheading.kt-adv-heading3519_0d6ec1-17 img.kb-inline-image, .wp-block-kadence-advancedheading.kt-adv-heading3519_0d6ec1-17[data-kb-block=\"kb-adv-heading3519_0d6ec1-17\"] img.kb-inline-image{width:150px;vertical-align:baseline;}<\/style>\n<p class=\"kt-adv-heading3519_0d6ec1-17 wp-block-kadence-advancedheading has-theme-palette-6-color has-text-color\" data-kb-block=\"kb-adv-heading3519_0d6ec1-17\"><strong><strong><strong><strong><strong><strong><strong><strong>Powodem powstawania smogu mo\u017ce by\u0107 wykorzystywanie niepolskiego w\u0119gla &#8211; obwie\u015bci\u0142 minister \u015brodowiska. Swoje rewelacje og\u0142asza\u0142 w Sejmie.<\/strong><\/strong><\/strong><\/strong><\/strong><\/strong><\/strong><\/strong><\/p>\n\n\n<style>.wp-block-kadence-advancedheading.kt-adv-heading3519_af4a1b-fa, .wp-block-kadence-advancedheading.kt-adv-heading3519_af4a1b-fa[data-kb-block=\"kb-adv-heading3519_af4a1b-fa\"]{font-style:normal;}.wp-block-kadence-advancedheading.kt-adv-heading3519_af4a1b-fa mark.kt-highlight, .wp-block-kadence-advancedheading.kt-adv-heading3519_af4a1b-fa[data-kb-block=\"kb-adv-heading3519_af4a1b-fa\"] mark.kt-highlight{font-style:normal;color:#f76a0c;-webkit-box-decoration-break:clone;box-decoration-break:clone;padding-top:0px;padding-right:0px;padding-bottom:0px;padding-left:0px;}.wp-block-kadence-advancedheading.kt-adv-heading3519_af4a1b-fa img.kb-inline-image, .wp-block-kadence-advancedheading.kt-adv-heading3519_af4a1b-fa[data-kb-block=\"kb-adv-heading3519_af4a1b-fa\"] img.kb-inline-image{width:150px;vertical-align:baseline;}<\/style>\n<p class=\"kt-adv-heading3519_af4a1b-fa wp-block-kadence-advancedheading has-theme-palette-6-color has-text-color\" data-kb-block=\"kb-adv-heading3519_af4a1b-fa\">W czwartek 26 stycznia minister \u015brodowiska Jan Szyszko odpowiada\u0142 w Sejmie na pytania pos\u0142\u00f3w dotycz\u0105ce smogu. Problem silnie zanieczyszczonego powietrza w polskich miastach zosta\u0142 nag\u0142o\u015bniony po przekroczeniu na pocz\u0105tku roku norm smogowych nawet o kilkaset procent. Minister przyzna\u0142, \u017ce smog rzeczywi\u015bcie istnieje, a sytuacja \u201emo\u017ce by\u0107 niepokoj\u0105ca\u201d.<\/p>\n\n\n<style>.wp-block-kadence-advancedheading.kt-adv-heading3519_bafb02-d1, .wp-block-kadence-advancedheading.kt-adv-heading3519_bafb02-d1[data-kb-block=\"kb-adv-heading3519_bafb02-d1\"]{font-style:normal;}.wp-block-kadence-advancedheading.kt-adv-heading3519_bafb02-d1 mark.kt-highlight, .wp-block-kadence-advancedheading.kt-adv-heading3519_bafb02-d1[data-kb-block=\"kb-adv-heading3519_bafb02-d1\"] mark.kt-highlight{font-style:normal;color:#f76a0c;-webkit-box-decoration-break:clone;box-decoration-break:clone;padding-top:0px;padding-right:0px;padding-bottom:0px;padding-left:0px;}.wp-block-kadence-advancedheading.kt-adv-heading3519_bafb02-d1 img.kb-inline-image, .wp-block-kadence-advancedheading.kt-adv-heading3519_bafb02-d1[data-kb-block=\"kb-adv-heading3519_bafb02-d1\"] img.kb-inline-image{width:150px;vertical-align:baseline;}<\/style>\n<p class=\"kt-adv-heading3519_bafb02-d1 wp-block-kadence-advancedheading has-theme-palette-6-color has-text-color\" data-kb-block=\"kb-adv-heading3519_bafb02-d1\">Szyszko poinformowa\u0142 pos\u0142\u00f3w, \u017ce zgodnie z kontrol\u0105 przeprowadzon\u0105 przez inspektorat ochrony \u015brodowiska w 2015 r., na 46 stref w Polsce, w 39 zanotowano przekroczenia norm st\u0119\u017ce\u0144 dla py\u0142u PM10. Dla py\u0142u PM2,5 normy by\u0142y przekroczone w 23 strefach. W przypadku benzopirenu normy by\u0142y przekroczone a\u017c w 44 strefach.<\/p>\n\n\n<style>.wp-block-kadence-advancedheading.kt-adv-heading3519_ddbf79-46, .wp-block-kadence-advancedheading.kt-adv-heading3519_ddbf79-46[data-kb-block=\"kb-adv-heading3519_ddbf79-46\"]{font-style:normal;}.wp-block-kadence-advancedheading.kt-adv-heading3519_ddbf79-46 mark.kt-highlight, .wp-block-kadence-advancedheading.kt-adv-heading3519_ddbf79-46[data-kb-block=\"kb-adv-heading3519_ddbf79-46\"] mark.kt-highlight{font-style:normal;color:#f76a0c;-webkit-box-decoration-break:clone;box-decoration-break:clone;padding-top:0px;padding-right:0px;padding-bottom:0px;padding-left:0px;}.wp-block-kadence-advancedheading.kt-adv-heading3519_ddbf79-46 img.kb-inline-image, .wp-block-kadence-advancedheading.kt-adv-heading3519_ddbf79-46[data-kb-block=\"kb-adv-heading3519_ddbf79-46\"] img.kb-inline-image{width:150px;vertical-align:baseline;}<\/style>\n<p class=\"kt-adv-heading3519_ddbf79-46 wp-block-kadence-advancedheading has-theme-palette-6-color has-text-color\" data-kb-block=\"kb-adv-heading3519_ddbf79-46\">Jego zdaniem za polski smog odpowiada z\u0142a jako\u015b\u0107 w\u0119gla, kt\u00f3rym Polacy pal\u0105 w piecach. Przyzna\u0142 te\u017c, \u017ce polski w\u0119giel jest \u201eznacznie lepszej jako\u015bci\u201d od tego sprowadzanego z zagranicy, zw\u0142aszcza ze wschodu. Zdaniem portalu Wyborcza.pl nie jest to jednak prawd\u0105. Zdaniem ekspert\u00f3w, na kt\u00f3rych powo\u0142uj\u0105 si\u0119 dziennikarze, prawdziw\u0105 przyczyn\u0105 smogu jest palenie w\u0119glem najgorszej jako\u015bci, tzw. mu\u0142ami, sprzedawanym przez krajowe kopalnie po bardzo korzystnych cenach.<\/p>\n\n\n<style>.wp-block-kadence-advancedheading.kt-adv-heading3519_6e6f47-80, .wp-block-kadence-advancedheading.kt-adv-heading3519_6e6f47-80[data-kb-block=\"kb-adv-heading3519_6e6f47-80\"]{font-style:normal;}.wp-block-kadence-advancedheading.kt-adv-heading3519_6e6f47-80 mark.kt-highlight, .wp-block-kadence-advancedheading.kt-adv-heading3519_6e6f47-80[data-kb-block=\"kb-adv-heading3519_6e6f47-80\"] mark.kt-highlight{font-style:normal;color:#f76a0c;-webkit-box-decoration-break:clone;box-decoration-break:clone;padding-top:0px;padding-right:0px;padding-bottom:0px;padding-left:0px;}.wp-block-kadence-advancedheading.kt-adv-heading3519_6e6f47-80 img.kb-inline-image, .wp-block-kadence-advancedheading.kt-adv-heading3519_6e6f47-80[data-kb-block=\"kb-adv-heading3519_6e6f47-80\"] img.kb-inline-image{width:150px;vertical-align:baseline;}<\/style>\n<p class=\"kt-adv-heading3519_6e6f47-80 wp-block-kadence-advancedheading has-theme-palette-6-color has-text-color\" data-kb-block=\"kb-adv-heading3519_6e6f47-80\">Minister Szyszko zapewnia\u0142, \u017ce rz\u0105d na powa\u017cnie podchodzi do zagadnienia smogu i walka ze zjawiskiem wpisana zosta\u0142a do \u201eStrategii na rzecz Odpowiedzialnego Rozwoju\u201d. Co ciekawe, pe\u0142nomocnikiem rz\u0105du do rozwi\u0105zania problemu smogu jest minister rozwoju i minister finans\u00f3w Mateusz Morawiecki, a nie szef resortu \u015brodowiska Jan Szyszko.<\/p>\n\n\n<style>.wp-block-kadence-advancedheading.kt-adv-heading3519_495bb5-21, .wp-block-kadence-advancedheading.kt-adv-heading3519_495bb5-21[data-kb-block=\"kb-adv-heading3519_495bb5-21\"]{font-style:normal;}.wp-block-kadence-advancedheading.kt-adv-heading3519_495bb5-21 mark.kt-highlight, .wp-block-kadence-advancedheading.kt-adv-heading3519_495bb5-21[data-kb-block=\"kb-adv-heading3519_495bb5-21\"] mark.kt-highlight{font-style:normal;color:#f76a0c;-webkit-box-decoration-break:clone;box-decoration-break:clone;padding-top:0px;padding-right:0px;padding-bottom:0px;padding-left:0px;}.wp-block-kadence-advancedheading.kt-adv-heading3519_495bb5-21 img.kb-inline-image, .wp-block-kadence-advancedheading.kt-adv-heading3519_495bb5-21[data-kb-block=\"kb-adv-heading3519_495bb5-21\"] img.kb-inline-image{width:150px;vertical-align:baseline;}<\/style>\n<p class=\"kt-adv-heading3519_495bb5-21 wp-block-kadence-advancedheading has-theme-palette-6-color has-text-color\" data-kb-block=\"kb-adv-heading3519_495bb5-21\"><strong>\u0179r\u00f3d\u0142o:\u00a0<a rel=\"noreferrer noopener\" href=\"http:\/\/eko.org.pl\/index_news.php?dzial=2&amp;kat=20&amp;art=1844\" target=\"_blank\">www.eko.org.pl<\/a>\u00a0[za:]\u00a0<a rel=\"noreferrer noopener\" href=\"http:\/\/www.msn.com\/pl-pl\/wiadomosci\/polska\/polski-w%C4%99giel-truje-mniej-minister-szyszko-w-sejmie-o-smogu\/ar-AAmggTt?ocid=spartandhp\" target=\"_blank\">www.msn.com<\/a><\/strong><\/p>\n","protected":false},"excerpt":{"rendered":"<p>The use of non-Polish coal may be the cause of smog, the Environment Minister announced. He announced his revelations in the Sejm. On Thursday 26 January, Environment Minister Jan Szyszko answered MPs' questions about smog in the Sejm. The problem of heavily polluted air in Polish cities was publicised after smog standards were exceeded by up to several hundred per cent at the beginning of the year. The minister admitted,...<\/p>","protected":false},"author":1,"featured_media":3521,"comment_status":"open","ping_status":"open","sticky":false,"template":"","format":"standard","meta":{"_acf_changed":false,"_kad_blocks_custom_css":"","_kad_blocks_head_custom_js":"","_kad_blocks_body_custom_js":"","_kad_blocks_footer_custom_js":"","_kad_post_transparent":"","_kad_post_title":"","_kad_post_layout":"","_kad_post_sidebar_id":"","_kad_post_content_style":"","_kad_post_vertical_padding":"","_kad_post_feature":"default","_kad_post_feature_position":"","_kad_post_header":false,"_kad_post_footer":false,"_kad_post_classname":"","footnotes":""},"categories":[14],"tags":[],"class_list":["post-3519","post","type-post","status-publish","format-standard","has-post-thumbnail","hentry","category-warte-uwagi"],"acf":[],"yoast_head":"<!-- This site is optimized with the Yoast SEO plugin v27.4 - https:\/\/yoast.com\/product\/yoast-seo-wordpress\/ -->\n<title>Polski w\u0119giel truje mniej. Minister Szyszko w Sejmie o smogu - EKOlogistyka24 - przew\u00f3z odpad\u00f3w i pozwolenia na transport<\/title>\n<meta name=\"robots\" content=\"index, follow, max-snippet:-1, max-image-preview:large, max-video-preview:-1\" \/>\n<link rel=\"canonical\" href=\"https:\/\/ekologistyka24.pl\/en\/polish-coal-poisons-less-minister-szyszko-in-the-sejm-on-smog\/\" \/>\n<meta property=\"og:locale\" content=\"en_GB\" \/>\n<meta property=\"og:type\" content=\"article\" \/>\n<meta property=\"og:title\" content=\"Polski w\u0119giel truje mniej. Minister Szyszko w Sejmie o smogu - EKOlogistyka24 - przew\u00f3z odpad\u00f3w i pozwolenia na transport\" \/>\n<meta property=\"og:description\" content=\"Powodem powstawania smogu mo\u017ce by\u0107 wykorzystywanie niepolskiego w\u0119gla &#8211; obwie\u015bci\u0142 minister \u015brodowiska. Swoje rewelacje og\u0142asza\u0142 w Sejmie. W czwartek 26 stycznia minister \u015brodowiska Jan Szyszko odpowiada\u0142 w Sejmie na pytania pos\u0142\u00f3w dotycz\u0105ce smogu. Problem silnie zanieczyszczonego powietrza w polskich miastach zosta\u0142 nag\u0142o\u015bniony po przekroczeniu na pocz\u0105tku roku norm smogowych nawet o kilkaset procent. Minister przyzna\u0142,...\" \/>\n<meta property=\"og:url\" content=\"https:\/\/ekologistyka24.pl\/en\/polish-coal-poisons-less-minister-szyszko-in-the-sejm-on-smog\/\" \/>\n<meta property=\"og:site_name\" content=\"EKOlogistyka24 - przew\u00f3z odpad\u00f3w i pozwolenia na transport\" \/>\n<meta property=\"article:publisher\" content=\"https:\/\/www.facebook.com\/profile.php?id=100058909846099\" \/>\n<meta property=\"article:published_time\" content=\"2023-09-20T09:59:47+00:00\" \/>\n<meta property=\"og:image\" content=\"https:\/\/ekologistyka24.pl\/wp-content\/uploads\/2023\/09\/131.webp\" \/>\n\t<meta property=\"og:image:width\" content=\"720\" \/>\n\t<meta property=\"og:image:height\" content=\"479\" \/>\n\t<meta property=\"og:image:type\" content=\"image\/webp\" \/>\n<meta name=\"author\" content=\"Admin\" \/>\n<meta name=\"twitter:card\" content=\"summary_large_image\" \/>\n<meta name=\"twitter:label1\" content=\"Written by\" \/>\n\t<meta name=\"twitter:data1\" content=\"Admin\" \/>\n\t<meta name=\"twitter:label2\" content=\"Estimated reading time\" \/>\n\t<meta name=\"twitter:data2\" content=\"1 minute\" \/>\n<script type=\"application\/ld+json\" class=\"yoast-schema-graph\">{\"@context\":\"https:\\\/\\\/schema.org\",\"@graph\":[{\"@type\":\"Article\",\"@id\":\"https:\\\/\\\/ekologistyka24.pl\\\/polski-wegiel-truje-mniej-minister-szyszko-w-sejmie-o-smogu\\\/#article\",\"isPartOf\":{\"@id\":\"https:\\\/\\\/ekologistyka24.pl\\\/polski-wegiel-truje-mniej-minister-szyszko-w-sejmie-o-smogu\\\/\"},\"author\":{\"name\":\"Admin\",\"@id\":\"https:\\\/\\\/ekologistyka24.pl\\\/#\\\/schema\\\/person\\\/aa9acc9b3c583ce45bd2fbeb7e4aca37\"},\"headline\":\"Polski w\u0119giel truje mniej. Minister Szyszko w Sejmie o smogu\",\"datePublished\":\"2023-09-20T09:59:47+00:00\",\"mainEntityOfPage\":{\"@id\":\"https:\\\/\\\/ekologistyka24.pl\\\/polski-wegiel-truje-mniej-minister-szyszko-w-sejmie-o-smogu\\\/\"},\"wordCount\":276,\"commentCount\":0,\"publisher\":{\"@id\":\"https:\\\/\\\/ekologistyka24.pl\\\/#organization\"},\"image\":{\"@id\":\"https:\\\/\\\/ekologistyka24.pl\\\/polski-wegiel-truje-mniej-minister-szyszko-w-sejmie-o-smogu\\\/#primaryimage\"},\"thumbnailUrl\":\"https:\\\/\\\/ekologistyka24.pl\\\/wp-content\\\/uploads\\\/2023\\\/09\\\/131.webp\",\"articleSection\":[\"Warte uwagi\"],\"inLanguage\":\"en-GB\",\"potentialAction\":[{\"@type\":\"CommentAction\",\"name\":\"Comment\",\"target\":[\"https:\\\/\\\/ekologistyka24.pl\\\/polski-wegiel-truje-mniej-minister-szyszko-w-sejmie-o-smogu\\\/#respond\"]}]},{\"@type\":\"WebPage\",\"@id\":\"https:\\\/\\\/ekologistyka24.pl\\\/polski-wegiel-truje-mniej-minister-szyszko-w-sejmie-o-smogu\\\/\",\"url\":\"https:\\\/\\\/ekologistyka24.pl\\\/polski-wegiel-truje-mniej-minister-szyszko-w-sejmie-o-smogu\\\/\",\"name\":\"Polski w\u0119giel truje mniej. Minister Szyszko w Sejmie o smogu - EKOlogistyka24 - przew\u00f3z odpad\u00f3w i pozwolenia na transport\",\"isPartOf\":{\"@id\":\"https:\\\/\\\/ekologistyka24.pl\\\/#website\"},\"primaryImageOfPage\":{\"@id\":\"https:\\\/\\\/ekologistyka24.pl\\\/polski-wegiel-truje-mniej-minister-szyszko-w-sejmie-o-smogu\\\/#primaryimage\"},\"image\":{\"@id\":\"https:\\\/\\\/ekologistyka24.pl\\\/polski-wegiel-truje-mniej-minister-szyszko-w-sejmie-o-smogu\\\/#primaryimage\"},\"thumbnailUrl\":\"https:\\\/\\\/ekologistyka24.pl\\\/wp-content\\\/uploads\\\/2023\\\/09\\\/131.webp\",\"datePublished\":\"2023-09-20T09:59:47+00:00\",\"inLanguage\":\"en-GB\",\"potentialAction\":[{\"@type\":\"ReadAction\",\"target\":[\"https:\\\/\\\/ekologistyka24.pl\\\/polski-wegiel-truje-mniej-minister-szyszko-w-sejmie-o-smogu\\\/\"]}]},{\"@type\":\"ImageObject\",\"inLanguage\":\"en-GB\",\"@id\":\"https:\\\/\\\/ekologistyka24.pl\\\/polski-wegiel-truje-mniej-minister-szyszko-w-sejmie-o-smogu\\\/#primaryimage\",\"url\":\"https:\\\/\\\/ekologistyka24.pl\\\/wp-content\\\/uploads\\\/2023\\\/09\\\/131.webp\",\"contentUrl\":\"https:\\\/\\\/ekologistyka24.pl\\\/wp-content\\\/uploads\\\/2023\\\/09\\\/131.webp\",\"width\":720,\"height\":479},{\"@type\":\"WebSite\",\"@id\":\"https:\\\/\\\/ekologistyka24.pl\\\/#website\",\"url\":\"https:\\\/\\\/ekologistyka24.pl\\\/\",\"name\":\"EKOlogistyka24 - przew\u00f3z odpad\u00f3w i pozwolenia na transport\",\"description\":\"\",\"publisher\":{\"@id\":\"https:\\\/\\\/ekologistyka24.pl\\\/#organization\"},\"potentialAction\":[{\"@type\":\"SearchAction\",\"target\":{\"@type\":\"EntryPoint\",\"urlTemplate\":\"https:\\\/\\\/ekologistyka24.pl\\\/?s={search_term_string}\"},\"query-input\":{\"@type\":\"PropertyValueSpecification\",\"valueRequired\":true,\"valueName\":\"search_term_string\"}}],\"inLanguage\":\"en-GB\"},{\"@type\":\"Organization\",\"@id\":\"https:\\\/\\\/ekologistyka24.pl\\\/#organization\",\"name\":\"EKOlogistyka24 - przew\u00f3z odpad\u00f3w i pozwolenia na transport\",\"url\":\"https:\\\/\\\/ekologistyka24.pl\\\/\",\"logo\":{\"@type\":\"ImageObject\",\"inLanguage\":\"en-GB\",\"@id\":\"https:\\\/\\\/ekologistyka24.pl\\\/#\\\/schema\\\/logo\\\/image\\\/\",\"url\":\"https:\\\/\\\/ekologistyka24.pl\\\/wp-content\\\/uploads\\\/2023\\\/08\\\/logo.png\",\"contentUrl\":\"https:\\\/\\\/ekologistyka24.pl\\\/wp-content\\\/uploads\\\/2023\\\/08\\\/logo.png\",\"width\":220,\"height\":90,\"caption\":\"EKOlogistyka24 - przew\u00f3z odpad\u00f3w i pozwolenia na transport\"},\"image\":{\"@id\":\"https:\\\/\\\/ekologistyka24.pl\\\/#\\\/schema\\\/logo\\\/image\\\/\"},\"sameAs\":[\"https:\\\/\\\/www.facebook.com\\\/profile.php?id=100058909846099\"]},{\"@type\":\"Person\",\"@id\":\"https:\\\/\\\/ekologistyka24.pl\\\/#\\\/schema\\\/person\\\/aa9acc9b3c583ce45bd2fbeb7e4aca37\",\"name\":\"Admin\",\"image\":{\"@type\":\"ImageObject\",\"inLanguage\":\"en-GB\",\"@id\":\"https:\\\/\\\/ekologistyka24.pl\\\/wp-content\\\/litespeed\\\/avatar\\\/5e772ca5311e5fa4d0390e7dd7b25d4f.jpg?ver=1777060035\",\"url\":\"https:\\\/\\\/ekologistyka24.pl\\\/wp-content\\\/litespeed\\\/avatar\\\/5e772ca5311e5fa4d0390e7dd7b25d4f.jpg?ver=1777060035\",\"contentUrl\":\"https:\\\/\\\/ekologistyka24.pl\\\/wp-content\\\/litespeed\\\/avatar\\\/5e772ca5311e5fa4d0390e7dd7b25d4f.jpg?ver=1777060035\",\"caption\":\"Admin\"},\"sameAs\":[\"http:\\\/\\\/ekologistyka24.pl\"],\"url\":\"https:\\\/\\\/ekologistyka24.pl\\\/en\\\/author\\\/3xyotbf8kl6qprapd1pj3woyxeb2pu\\\/\"}]}<\/script>\n<!-- \/ Yoast SEO plugin. -->","yoast_head_json":{"title":"Polish coal poisons less. Minister Szyszko in the Sejm on smog - EKOlogistics24 - Waste transport and transport permits","robots":{"index":"index","follow":"follow","max-snippet":"max-snippet:-1","max-image-preview":"max-image-preview:large","max-video-preview":"max-video-preview:-1"},"canonical":"https:\/\/ekologistyka24.pl\/en\/polish-coal-poisons-less-minister-szyszko-in-the-sejm-on-smog\/","og_locale":"en_GB","og_type":"article","og_title":"Polski w\u0119giel truje mniej. Minister Szyszko w Sejmie o smogu - EKOlogistyka24 - przew\u00f3z odpad\u00f3w i pozwolenia na transport","og_description":"Powodem powstawania smogu mo\u017ce by\u0107 wykorzystywanie niepolskiego w\u0119gla &#8211; obwie\u015bci\u0142 minister \u015brodowiska. Swoje rewelacje og\u0142asza\u0142 w Sejmie. W czwartek 26 stycznia minister \u015brodowiska Jan Szyszko odpowiada\u0142 w Sejmie na pytania pos\u0142\u00f3w dotycz\u0105ce smogu. Problem silnie zanieczyszczonego powietrza w polskich miastach zosta\u0142 nag\u0142o\u015bniony po przekroczeniu na pocz\u0105tku roku norm smogowych nawet o kilkaset procent. Minister przyzna\u0142,...","og_url":"https:\/\/ekologistyka24.pl\/en\/polish-coal-poisons-less-minister-szyszko-in-the-sejm-on-smog\/","og_site_name":"EKOlogistyka24 - przew\u00f3z odpad\u00f3w i pozwolenia na transport","article_publisher":"https:\/\/www.facebook.com\/profile.php?id=100058909846099","article_published_time":"2023-09-20T09:59:47+00:00","og_image":[{"width":720,"height":479,"url":"https:\/\/ekologistyka24.pl\/wp-content\/uploads\/2023\/09\/131.webp","type":"image\/webp"}],"author":"Admin","twitter_card":"summary_large_image","twitter_misc":{"Written by":"Admin","Estimated reading time":"1 minute"},"schema":{"@context":"https:\/\/schema.org","@graph":[{"@type":"Article","@id":"https:\/\/ekologistyka24.pl\/polski-wegiel-truje-mniej-minister-szyszko-w-sejmie-o-smogu\/#article","isPartOf":{"@id":"https:\/\/ekologistyka24.pl\/polski-wegiel-truje-mniej-minister-szyszko-w-sejmie-o-smogu\/"},"author":{"name":"Admin","@id":"https:\/\/ekologistyka24.pl\/#\/schema\/person\/aa9acc9b3c583ce45bd2fbeb7e4aca37"},"headline":"Polski w\u0119giel truje mniej. Minister Szyszko w Sejmie o smogu","datePublished":"2023-09-20T09:59:47+00:00","mainEntityOfPage":{"@id":"https:\/\/ekologistyka24.pl\/polski-wegiel-truje-mniej-minister-szyszko-w-sejmie-o-smogu\/"},"wordCount":276,"commentCount":0,"publisher":{"@id":"https:\/\/ekologistyka24.pl\/#organization"},"image":{"@id":"https:\/\/ekologistyka24.pl\/polski-wegiel-truje-mniej-minister-szyszko-w-sejmie-o-smogu\/#primaryimage"},"thumbnailUrl":"https:\/\/ekologistyka24.pl\/wp-content\/uploads\/2023\/09\/131.webp","articleSection":["Warte uwagi"],"inLanguage":"en-GB","potentialAction":[{"@type":"CommentAction","name":"Comment","target":["https:\/\/ekologistyka24.pl\/polski-wegiel-truje-mniej-minister-szyszko-w-sejmie-o-smogu\/#respond"]}]},{"@type":"WebPage","@id":"https:\/\/ekologistyka24.pl\/polski-wegiel-truje-mniej-minister-szyszko-w-sejmie-o-smogu\/","url":"https:\/\/ekologistyka24.pl\/polski-wegiel-truje-mniej-minister-szyszko-w-sejmie-o-smogu\/","name":"Polish coal poisons less. Minister Szyszko in the Sejm on smog - EKOlogistics24 - Waste transport and transport permits","isPartOf":{"@id":"https:\/\/ekologistyka24.pl\/#website"},"primaryImageOfPage":{"@id":"https:\/\/ekologistyka24.pl\/polski-wegiel-truje-mniej-minister-szyszko-w-sejmie-o-smogu\/#primaryimage"},"image":{"@id":"https:\/\/ekologistyka24.pl\/polski-wegiel-truje-mniej-minister-szyszko-w-sejmie-o-smogu\/#primaryimage"},"thumbnailUrl":"https:\/\/ekologistyka24.pl\/wp-content\/uploads\/2023\/09\/131.webp","datePublished":"2023-09-20T09:59:47+00:00","inLanguage":"en-GB","potentialAction":[{"@type":"ReadAction","target":["https:\/\/ekologistyka24.pl\/polski-wegiel-truje-mniej-minister-szyszko-w-sejmie-o-smogu\/"]}]},{"@type":"ImageObject","inLanguage":"en-GB","@id":"https:\/\/ekologistyka24.pl\/polski-wegiel-truje-mniej-minister-szyszko-w-sejmie-o-smogu\/#primaryimage","url":"https:\/\/ekologistyka24.pl\/wp-content\/uploads\/2023\/09\/131.webp","contentUrl":"https:\/\/ekologistyka24.pl\/wp-content\/uploads\/2023\/09\/131.webp","width":720,"height":479},{"@type":"WebSite","@id":"https:\/\/ekologistyka24.pl\/#website","url":"https:\/\/ekologistyka24.pl\/","name":"EKOlogistics24 - waste transport and transport permits","description":"","publisher":{"@id":"https:\/\/ekologistyka24.pl\/#organization"},"potentialAction":[{"@type":"SearchAction","target":{"@type":"EntryPoint","urlTemplate":"https:\/\/ekologistyka24.pl\/?s={search_term_string}"},"query-input":{"@type":"PropertyValueSpecification","valueRequired":true,"valueName":"search_term_string"}}],"inLanguage":"en-GB"},{"@type":"Organization","@id":"https:\/\/ekologistyka24.pl\/#organization","name":"EKOlogistics24 - waste transport and transport permits","url":"https:\/\/ekologistyka24.pl\/","logo":{"@type":"ImageObject","inLanguage":"en-GB","@id":"https:\/\/ekologistyka24.pl\/#\/schema\/logo\/image\/","url":"https:\/\/ekologistyka24.pl\/wp-content\/uploads\/2023\/08\/logo.png","contentUrl":"https:\/\/ekologistyka24.pl\/wp-content\/uploads\/2023\/08\/logo.png","width":220,"height":90,"caption":"EKOlogistyka24 - przew\u00f3z odpad\u00f3w i pozwolenia na transport"},"image":{"@id":"https:\/\/ekologistyka24.pl\/#\/schema\/logo\/image\/"},"sameAs":["https:\/\/www.facebook.com\/profile.php?id=100058909846099"]},{"@type":"Person","@id":"https:\/\/ekologistyka24.pl\/#\/schema\/person\/aa9acc9b3c583ce45bd2fbeb7e4aca37","name":"Admin","image":{"@type":"ImageObject","inLanguage":"en-GB","@id":"https:\/\/ekologistyka24.pl\/wp-content\/litespeed\/avatar\/5e772ca5311e5fa4d0390e7dd7b25d4f.jpg?ver=1777060035","url":"https:\/\/ekologistyka24.pl\/wp-content\/litespeed\/avatar\/5e772ca5311e5fa4d0390e7dd7b25d4f.jpg?ver=1777060035","contentUrl":"https:\/\/ekologistyka24.pl\/wp-content\/litespeed\/avatar\/5e772ca5311e5fa4d0390e7dd7b25d4f.jpg?ver=1777060035","caption":"Admin"},"sameAs":["http:\/\/ekologistyka24.pl"],"url":"https:\/\/ekologistyka24.pl\/en\/author\/3xyotbf8kl6qprapd1pj3woyxeb2pu\/"}]}},"taxonomy_info":{"category":[{"value":14,"label":"Warte uwagi"}]},"featured_image_src_large":["https:\/\/ekologistyka24.pl\/wp-content\/uploads\/2023\/09\/131.webp",720,479,false],"author_info":{"display_name":"Admin","author_link":"https:\/\/ekologistyka24.pl\/en\/author\/3xyotbf8kl6qprapd1pj3woyxeb2pu\/"},"comment_info":0,"category_info":[{"term_id":14,"name":"Warte uwagi","slug":"warte-uwagi","term_group":0,"term_taxonomy_id":14,"taxonomy":"category","description":"","parent":0,"count":101,"filter":"raw","cat_ID":14,"category_count":101,"category_description":"","cat_name":"Warte uwagi","category_nicename":"warte-uwagi","category_parent":0}],"tag_info":false,"_links":{"self":[{"href":"https:\/\/ekologistyka24.pl\/en\/wp-json\/wp\/v2\/posts\/3519","targetHints":{"allow":["GET"]}}],"collection":[{"href":"https:\/\/ekologistyka24.pl\/en\/wp-json\/wp\/v2\/posts"}],"about":[{"href":"https:\/\/ekologistyka24.pl\/en\/wp-json\/wp\/v2\/types\/post"}],"author":[{"embeddable":true,"href":"https:\/\/ekologistyka24.pl\/en\/wp-json\/wp\/v2\/users\/1"}],"replies":[{"embeddable":true,"href":"https:\/\/ekologistyka24.pl\/en\/wp-json\/wp\/v2\/comments?post=3519"}],"version-history":[{"count":0,"href":"https:\/\/ekologistyka24.pl\/en\/wp-json\/wp\/v2\/posts\/3519\/revisions"}],"wp:featuredmedia":[{"embeddable":true,"href":"https:\/\/ekologistyka24.pl\/en\/wp-json\/wp\/v2\/media\/3521"}],"wp:attachment":[{"href":"https:\/\/ekologistyka24.pl\/en\/wp-json\/wp\/v2\/media?parent=3519"}],"wp:term":[{"taxonomy":"category","embeddable":true,"href":"https:\/\/ekologistyka24.pl\/en\/wp-json\/wp\/v2\/categories?post=3519"},{"taxonomy":"post_tag","embeddable":true,"href":"https:\/\/ekologistyka24.pl\/en\/wp-json\/wp\/v2\/tags?post=3519"}],"curies":[{"name":"wp","href":"https:\/\/api.w.org\/{rel}","templated":true}]}}